{"id":1360,"date":"2011-05-31T20:40:00","date_gmt":"2011-05-31T20:40:00","guid":{"rendered":"http:\/\/zapatrzonawksiazki.pl\/index.php\/2011\/05\/31\/podsumowanie-maja-2\/"},"modified":"2018-10-07T00:36:12","modified_gmt":"2018-10-07T00:36:12","slug":"podsumowanie-maja-2","status":"publish","type":"post","link":"https:\/\/zapatrzonawksiazki.pl\/index.php\/2011\/05\/31\/podsumowanie-maja-2\/","title":{"rendered":"Podsumowanie maja ;)"},"content":{"rendered":"<p><\/p>\n<div class=\"MsoNormal\"><i>Tak wi\u0119c ko\u0144czy si\u0119 s\u0142odki maj\u2026 \ud83d\ude09 Przyznam, \u017ce jestem zadowolona z wynik\u00f3w \ud83d\ude09 Uda\u0142o mi si\u0119 przeczyta\u0107 du\u017c\u0105 liczb\u0119 ksi\u0105\u017cek, jak i kiedy tego nie wiem ;D. Szczerze m\u00f3wi\u0105c ostatnie dni obfituj\u0105 u mnie w totalny brak energii. Mam dwie nie zrecenzowane ksi\u0105\u017cki i nie mam weny na recenzje\u2026 ;(. Ale za to zrobi\u0142am zadowalaj\u0105ce mnie zakupy i nied\u0142ugo si\u0119 nimi pochwal\u0119 w s\u0142awnym stosiku \ud83d\ude09 C\u00f3\u017c\u2026 Ci\u0119\u017cko widz\u0119 te moje odk\u0142adanie pieni\u0119dzy\u2026 Ale, ale\u2026 Czas na podsumowanie ;). Jestem te\u017c szcz\u0119\u015bliwa bo ju\u017c nied\u0142ugo b\u0119d\u0119 mia\u0142a setny wpis! \ud83d\ude09<\/i><\/div>\n<div class=\"MsoNormal\">\n<\/div>\n<div class=\"MsoNormal\">\n<\/div>\n<div class=\"MsoNormal\"><i>Liczba przeczytanych ksi\u0105\u017cek: 16<\/i><\/div>\n<div class=\"MsoNormal\"><i>Liczba przeczytanych stron: 4551<\/i><\/div>\n<div class=\"MsoNormal\"><i>Ksi\u0105\u017cki w ramach wyzwania Mo\u017cesz wi\u0119cej: 16<\/i><\/div>\n<div class=\"MsoNormal\"><i>Ksi\u0105\u017cki w ramach wyzwania Od Zmierzchu Do \u015awitu: 1<\/i><\/div>\n<div class=\"MsoNormal\"><i>Ksi\u0105\u017cki w ramach wyzwania Haruki Murakami- wyzwanie czytelnicze: 1<\/i><\/div>\n<div class=\"MsoNormal\"><i>Ksi\u0105\u017cka, kt\u00f3ra najbardziej mi si\u0119 podoba\u0142a: tu mam problem bo jest par\u0119 pozycji, kt\u00f3re bardzo mi si\u0119 podoba\u0142y. Ale chyba, a raczej na pewno tym razem wybieram&nbsp;<a href=\"http:\/\/zapatrzonawksiazki.blogspot.com\/2011\/05\/lato-w-jagodce-katarzyna-michalak.html\">\u201eLato w Jag\u00f3dce\u201d \u2013 K. Michalak <\/a> \ud83d\ude09<\/i>  <\/div>\n<div class=\"MsoNormal\">\n<\/div>\n<div class=\"MsoNormal\">\n<\/div>\n<div class=\"MsoNormal\">\n<\/div>\n<div class=\"MsoNormal\">\n<\/div>\n<div class=\"MsoNormal\"><i>Oby moje lenistwo mi min\u0119\u0142o i czerwiec by\u0142 tak owocny jak maj \ud83d\ude09<\/i><\/div>\n","protected":false},"excerpt":{"rendered":"<p>Tak wi\u0119c ko\u0144czy si\u0119 s\u0142odki maj\u2026 \ud83d\ude09 Przyznam, \u017ce jestem zadowolona z wynik\u00f3w \ud83d\ude09 Uda\u0142o mi si\u0119 przeczyta\u0107 du\u017c\u0105 liczb\u0119 ksi\u0105\u017cek, jak i kiedy tego nie wiem ;D. Szczerze m\u00f3wi\u0105c ostatnie dni obfituj\u0105 u mnie w totalny brak energii. Mam dwie nie zrecenzowane ksi\u0105\u017cki i nie mam weny na recenzje\u2026 ;(. Ale za to zrobi\u0142am [&hellip;]<\/p>\n","protected":false},"author":2,"featured_media":0,"comment_status":"open","ping_status":"open","sticky":false,"template":"","format":"standard","meta":[],"categories":[1],"tags":[864],"jetpack_featured_media_url":"","_links":{"self":[{"href":"https:\/\/zapatrzonawksiazki.pl\/index.php\/wp-json\/wp\/v2\/posts\/1360"}],"collection":[{"href":"https:\/\/zapatrzonawksiazki.pl\/index.php\/wp-json\/wp\/v2\/posts"}],"about":[{"href":"https:\/\/zapatrzonawksiazki.pl\/index.php\/wp-json\/wp\/v2\/types\/post"}],"author":[{"embeddable":true,"href":"https:\/\/zapatrzonawksiazki.pl\/index.php\/wp-json\/wp\/v2\/users\/2"}],"replies":[{"embeddable":true,"href":"https:\/\/zapatrzonawksiazki.pl\/index.php\/wp-json\/wp\/v2\/comments?post=1360"}],"version-history":[{"count":1,"href":"https:\/\/zapatrzonawksiazki.pl\/index.php\/wp-json\/wp\/v2\/posts\/1360\/revisions"}],"predecessor-version":[{"id":2861,"href":"https:\/\/zapatrzonawksiazki.pl\/index.php\/wp-json\/wp\/v2\/posts\/1360\/revisions\/2861"}],"wp:attachment":[{"href":"https:\/\/zapatrzonawksiazki.pl\/index.php\/wp-json\/wp\/v2\/media?parent=1360"}],"wp:term":[{"taxonomy":"category","embeddable":true,"href":"https:\/\/zapatrzonawksiazki.pl\/index.php\/wp-json\/wp\/v2\/categories?post=1360"},{"taxonomy":"post_tag","embeddable":true,"href":"https:\/\/zapatrzonawksiazki.pl\/index.php\/wp-json\/wp\/v2\/tags?post=1360"}],"curies":[{"name":"wp","href":"https:\/\/api.w.org\/{rel}","templated":true}]}}