{"id":1265,"date":"2011-09-30T10:27:00","date_gmt":"2011-09-30T10:27:00","guid":{"rendered":"http:\/\/zapatrzonawksiazki.pl\/index.php\/2011\/09\/30\/jeden-dzien-david-nicholls\/"},"modified":"2018-10-07T00:35:53","modified_gmt":"2018-10-07T00:35:53","slug":"jeden-dzien-david-nicholls","status":"publish","type":"post","link":"https:\/\/zapatrzonawksiazki.pl\/index.php\/2011\/09\/30\/jeden-dzien-david-nicholls\/","title":{"rendered":"\u201eJeden dzie\u0144\u201d \u2013 David Nicholls"},"content":{"rendered":"<div class=\"separator\" style=\"clear: both; text-align: center;\"><a href=\"http:\/\/1.bp.blogspot.com\/-2SU9tUh6vDA\/ToWSHZj_gVI\/AAAAAAAAA2I\/vzj0LtV_bdE\/s1600\/jedendzien.jpg\" imageanchor=\"1\" style=\"clear: left; float: left; margin-bottom: 1em; margin-right: 1em;\"><img decoding=\"async\" loading=\"lazy\" border=\"0\" height=\"320\" src=\"http:\/\/1.bp.blogspot.com\/-2SU9tUh6vDA\/ToWSHZj_gVI\/AAAAAAAAA2I\/vzj0LtV_bdE\/s320\/jedendzien.jpg\" width=\"198\" \/><\/a><\/div>\n<p><\/p>\n<div class=\"MsoNormal\"><i style=\"mso-bidi-font-style: normal;\">&nbsp;&nbsp;&nbsp;&nbsp;&nbsp;&nbsp;&nbsp;&nbsp;&nbsp;&nbsp;&nbsp; \u201e &#8211; Tylko obiecaj, \u017ce ju\u017c nie b\u0119dziesz mnie zmusza\u0142a do seksu.<\/i><\/div>\n<div class=\"MsoNormal\"><i style=\"mso-bidi-font-style: normal;\">&#8211; To co b\u0119dziemy robi\u0107?<\/i><\/div>\n<div class=\"MsoNormal\"><i style=\"mso-bidi-font-style: normal;\">&#8211; wiem, \u017ce to g\u0142upio zabrzmi \u2013 powiedzia\u0142 nie\u015bmia\u0142o \u2013 ale mogliby\u015bmy zagra\u0107 w scrabble\u2019a.\u201d*<\/i><\/div>\n<div class=\"MsoNormal\">\n<\/div>\n<div class=\"MsoNormal\"><i style=\"mso-bidi-font-style: normal;\">&nbsp;&nbsp;&nbsp;&nbsp;&nbsp;&nbsp;&nbsp;&nbsp;&nbsp;&nbsp;&nbsp; Czasem mi\u0142o\u015b\u0107 rodzi si\u0119 powoli, niepostrze\u017cenie, szukamy jej te\u017c daleko nie wiedz\u0105c, \u017ce jest blisko nas na wyci\u0105gni\u0119cie r\u0119ki. W obu tych przypadkach potrzeba czasu, dojrza\u0142o\u015bci i zrozumienia. Nie mo\u017cemy uwierzy\u0107, \u017ce co\u015b tak dla nas wa\u017cnego jest tak blisko, albo potrzebujemy czasu by to zrozumie\u0107 i doceni\u0107\u2026<\/i><\/div>\n<div class=\"MsoNormal\">\n<\/div>\n<div class=\"MsoNormal\"><i style=\"mso-bidi-font-style: normal;\">&nbsp;&nbsp;&nbsp;&nbsp;&nbsp;&nbsp;&nbsp;&nbsp;&nbsp;&nbsp;&nbsp; Studiowali razem cho\u0107 na innych kierunkach. Nie rozmawiali ze sob\u0105 opr\u00f3cz zwyk\u0142ego \u201ecze\u015b\u0107\u201d. Ona pochodzi\u0142a z biednej rodziny, a on z bogatej. Po rozdaniu dyplom\u00f3w poszli razem na imprez\u0119, a potem trafili do jej pokoju. Opr\u00f3cz skradzionych poca\u0142unk\u00f3w i pieszczot by\u0142y rozmowy. Mamy rok 1988 i jest 15 lipca. Dzie\u0144 \u015bwi\u0119tego Swithina (tradycja m\u00f3wi, \u017ce warunki pogodowe panuj\u0105ce tego dnia utrzymaj\u0105 si\u0119 przez kolejnych czterdzie\u015bci). <\/i><\/div>\n<div class=\"MsoNormal\"><i style=\"mso-bidi-font-style: normal;\">&nbsp;&nbsp;&nbsp;&nbsp;&nbsp;&nbsp;&nbsp;&nbsp;&nbsp;&nbsp;&nbsp; Od tego dnia zacz\u0119\u0142a si\u0119 ich przyja\u017a\u0144. Mia\u0142a wzloty i upadki. Dexter musia\u0142 przej\u015b\u0107 \u017cycie po swojemu by przekona\u0107 si\u0119, \u017ce Emma jest kim\u015b wi\u0119cej. Nieraz traktuje j\u0105 jak z\u0142o konieczne, przypomina sobie o niej gdy potrzebuje pocieszenia. Emma za\u015b kocha go od ich pierwszej wsp\u00f3lnej nocy, ale wie, \u017ce on nie jest gotowy i jest blisko niego jako przyjaci\u00f3\u0142ka, znosi jego skoki nastroj\u00f3w. Z czasem Dex zaczyna rozumie\u0107, \u017ce Emma jest dla niego kim\u015b wi\u0119cej ni\u017c tylko przyjaci\u00f3\u0142k\u0105. Jedzie do niej do Pary\u017ca jako \u015bwierzy rozwodnik. <\/i><\/div>\n<div class=\"MsoNormal\"><i style=\"mso-bidi-font-style: normal;\">&nbsp;&nbsp;&nbsp;&nbsp;&nbsp;&nbsp;&nbsp;&nbsp;&nbsp;&nbsp;&nbsp; Czy\u017cby wreszcie nadszed\u0142 ich czas? Jak tak dw\u00f3m r\u00f3\u017cnym osobom b\u0119dzie si\u0119 \u017cy\u0142o razem? Co da im uzbierany baga\u017c do\u015bwiadcze\u0144? Co szykuje im przeznaczenie?<\/i><\/div>\n<div class=\"MsoNormal\">\n<\/div>\n<div class=\"MsoNormal\"><i style=\"mso-bidi-font-style: normal;\">&nbsp;&nbsp;&nbsp;&nbsp;&nbsp;&nbsp;&nbsp;&nbsp;&nbsp;&nbsp;&nbsp; Autor mia\u0142 ciekawy pomys\u0142 na napisanie ksi\u0105\u017cki. Od 15 lipca 1988 roku opisywa\u0142 ich \u017cycie w ci\u0105gu jednego dnia. Zawsze by\u0142 to 15ty lipca. W tych rozdzia\u0142ach poznajemy losy g\u0142\u00f3wnych bohater\u00f3w poprzez wspomnienia, listy, rozmowy i ich przemy\u015blenia. Prze\u017cywamy z nimi ich wzloty i upadki, marzymy, p\u0142aczemy, \u015bmiejemy si\u0119\u2026<\/i><\/div>\n<div class=\"MsoNormal\"><i style=\"mso-bidi-font-style: normal;\">&nbsp;&nbsp;&nbsp;&nbsp;&nbsp;&nbsp;&nbsp;&nbsp;&nbsp;&nbsp;&nbsp; Dexter i Emma s\u0105 od siebie tak bardzo r\u00f3\u017cni i jak wiadomo przeciwie\u0144stwa si\u0119 przyci\u0105gaj\u0105. Denerwowa\u0142o mnie strasznie jak Dex traktowa\u0142 czasem Em. Mia\u0142a by\u0107 dla niego na ka\u017cde zawo\u0142anie, a gdy mu nie by\u0142a potrzebna to\u2026 no po prostu by\u0142a. Ich przyja\u017a\u0144 by\u0142a wyj\u0105tkowa. Oboje si\u0119 kochali o oboje to starannie ukrywali. Ka\u017cdy mia\u0142 swoje powody \u2013 ona uwa\u017ca\u0142a, \u017ce Dex nie jest gotowy, a on nie chcia\u0142 tego przyj\u0105\u0107 do wiadomo\u015bci i mia\u0142 dziewczyn\u0119 za dziewczyn\u0105. <\/i><\/div>\n<div class=\"MsoNormal\"><i style=\"mso-bidi-font-style: normal;\">&nbsp;&nbsp;&nbsp;&nbsp;&nbsp;&nbsp;&nbsp;&nbsp;&nbsp;&nbsp;&nbsp; Ksi\u0105\u017ck\u0119 czyta si\u0119 z wielk\u0105 przyjemno\u015bci\u0105. Wywo\u0142uje w czytelniku emocje i ciekawo\u015b\u0107 poznania dalszych los\u00f3w. A zako\u0144czenie zaskakuje i wprowadza w zadum\u0119. Niby zako\u0144czy\u0142a si\u0119 smutno, ale w pewnym stopniu dobrze.<\/i><\/div>\n<div class=\"MsoNormal\"><i style=\"mso-bidi-font-style: normal;\">&nbsp;&nbsp;&nbsp;&nbsp;&nbsp;&nbsp;&nbsp;&nbsp;&nbsp;&nbsp;&nbsp; Polecam. Jest to opowie\u015b\u0107 o poszukiwaniu szcz\u0119\u015bcia, spe\u0142nienia i samych siebie.<\/i><\/div>\n<div class=\"MsoNormal\">\n<\/div>\n<div class=\"MsoNormal\"><b style=\"mso-bidi-font-weight: normal;\"><i style=\"mso-bidi-font-style: normal;\">Za mo\u017cliwo\u015b\u0107 przeczytania dzi\u0119kuj\u0119:<\/i><\/b><\/div>\n<div class=\"separator\" style=\"clear: both; text-align: center;\"><a href=\"http:\/\/1.bp.blogspot.com\/-gYFmThCkZV0\/ToWYjlhROzI\/AAAAAAAAA2M\/GvccE4WhT1I\/s1600\/logo_woblink_B_RGB.jpg\" imageanchor=\"1\" style=\"margin-left: 1em; margin-right: 1em;\"><img decoding=\"async\" loading=\"lazy\" border=\"0\" height=\"148\" src=\"http:\/\/1.bp.blogspot.com\/-gYFmThCkZV0\/ToWYjlhROzI\/AAAAAAAAA2M\/GvccE4WhT1I\/s320\/logo_woblink_B_RGB.jpg\" width=\"320\" \/><\/a><\/div>\n<div class=\"MsoNormal\">\n<\/div>\n<div class=\"MsoNormal\">\n<\/div>\n<div class=\"MsoNormal\"><i style=\"mso-bidi-font-style: normal;\">*str. 307 (e- book)<\/i><\/div>\n<div class=\"MsoNormal\"><b style=\"mso-bidi-font-weight: normal;\"><i style=\"mso-bidi-font-style: normal;\">Autor: <\/i><\/b><i style=\"mso-bidi-font-style: normal;\">David Nicholls <\/i><\/div>\n<div class=\"MsoNormal\"><b style=\"mso-bidi-font-weight: normal;\"><i style=\"mso-bidi-font-style: normal;\">Tytu\u0142: <\/i><\/b><i style=\"mso-bidi-font-style: normal;\">Jeden dzie\u0144<\/i><\/div>\n<div class=\"MsoNormal\"><b style=\"mso-bidi-font-weight: normal;\"><i style=\"mso-bidi-font-style: normal;\">Wydawnictwo: <\/i><\/b><i style=\"mso-bidi-font-style: normal;\">\u015awiat Ksi\u0105\u017cki<\/i><\/div>\n<div class=\"MsoNormal\"><b style=\"mso-bidi-font-weight: normal;\"><i style=\"mso-bidi-font-style: normal;\">Rok wydania: <\/i><\/b><i style=\"mso-bidi-font-style: normal;\">marzec 2011 <\/i><\/div>\n<p><b style=\"mso-bidi-font-weight: normal;\"><i style=\"mso-bidi-font-style: normal;\">Liczba stron: <\/i><\/b><i style=\"mso-bidi-font-style: normal;\">448 (e &#8211; book 368)<\/i><\/p>\n","protected":false},"excerpt":{"rendered":"<p>&nbsp;&nbsp;&nbsp;&nbsp;&nbsp;&nbsp;&nbsp;&nbsp;&nbsp;&nbsp;&nbsp; \u201e &#8211; Tylko obiecaj, \u017ce ju\u017c nie b\u0119dziesz mnie zmusza\u0142a do seksu. &#8211; To co b\u0119dziemy robi\u0107? &#8211; wiem, \u017ce to g\u0142upio zabrzmi \u2013 powiedzia\u0142 nie\u015bmia\u0142o \u2013 ale mogliby\u015bmy zagra\u0107 w scrabble\u2019a.\u201d* &nbsp;&nbsp;&nbsp;&nbsp;&nbsp;&nbsp;&nbsp;&nbsp;&nbsp;&nbsp;&nbsp; Czasem mi\u0142o\u015b\u0107 rodzi si\u0119 powoli, niepostrze\u017cenie, szukamy jej te\u017c daleko nie wiedz\u0105c, \u017ce jest blisko nas na wyci\u0105gni\u0119cie r\u0119ki. W obu [&hellip;]<\/p>\n","protected":false},"author":2,"featured_media":0,"comment_status":"open","ping_status":"open","sticky":false,"template":"","format":"standard","meta":[],"categories":[1],"tags":[922,1242,427,595,76,331],"jetpack_featured_media_url":"","_links":{"self":[{"href":"https:\/\/zapatrzonawksiazki.pl\/index.php\/wp-json\/wp\/v2\/posts\/1265"}],"collection":[{"href":"https:\/\/zapatrzonawksiazki.pl\/index.php\/wp-json\/wp\/v2\/posts"}],"about":[{"href":"https:\/\/zapatrzonawksiazki.pl\/index.php\/wp-json\/wp\/v2\/types\/post"}],"author":[{"embeddable":true,"href":"https:\/\/zapatrzonawksiazki.pl\/index.php\/wp-json\/wp\/v2\/users\/2"}],"replies":[{"embeddable":true,"href":"https:\/\/zapatrzonawksiazki.pl\/index.php\/wp-json\/wp\/v2\/comments?post=1265"}],"version-history":[{"count":1,"href":"https:\/\/zapatrzonawksiazki.pl\/index.php\/wp-json\/wp\/v2\/posts\/1265\/revisions"}],"predecessor-version":[{"id":2766,"href":"https:\/\/zapatrzonawksiazki.pl\/index.php\/wp-json\/wp\/v2\/posts\/1265\/revisions\/2766"}],"wp:attachment":[{"href":"https:\/\/zapatrzonawksiazki.pl\/index.php\/wp-json\/wp\/v2\/media?parent=1265"}],"wp:term":[{"taxonomy":"category","embeddable":true,"href":"https:\/\/zapatrzonawksiazki.pl\/index.php\/wp-json\/wp\/v2\/categories?post=1265"},{"taxonomy":"post_tag","embeddable":true,"href":"https:\/\/zapatrzonawksiazki.pl\/index.php\/wp-json\/wp\/v2\/tags?post=1265"}],"curies":[{"name":"wp","href":"https:\/\/api.w.org\/{rel}","templated":true}]}}