{"id":1254,"date":"2011-10-14T13:01:00","date_gmt":"2011-10-14T13:01:00","guid":{"rendered":"http:\/\/zapatrzonawksiazki.pl\/index.php\/2011\/10\/14\/mroczny-szept-gena-showalter\/"},"modified":"2018-10-07T00:35:53","modified_gmt":"2018-10-07T00:35:53","slug":"mroczny-szept-gena-showalter","status":"publish","type":"post","link":"https:\/\/zapatrzonawksiazki.pl\/index.php\/2011\/10\/14\/mroczny-szept-gena-showalter\/","title":{"rendered":"\u201eMroczny szept\u201d &#8211; Gena Showalter"},"content":{"rendered":"<div class=\"separator\" style=\"clear: both; text-align: center;\"><a href=\"http:\/\/3.bp.blogspot.com\/-sPxH5mq_ZmI\/TpgsxGvvO3I\/AAAAAAAAA3o\/ckpRHJiSz_0\/s1600\/msz.jpg\" imageanchor=\"1\" style=\"clear: left; float: left; margin-bottom: 1em; margin-right: 1em;\"><img decoding=\"async\" loading=\"lazy\" border=\"0\" height=\"320\" src=\"http:\/\/3.bp.blogspot.com\/-sPxH5mq_ZmI\/TpgsxGvvO3I\/AAAAAAAAA3o\/ckpRHJiSz_0\/s320\/msz.jpg\" width=\"207\" \/><\/a><\/div>\n<p><\/p>\n<div class=\"MsoNormal\"><i style=\"mso-bidi-font-style: normal;\">&nbsp;&nbsp;&nbsp;&nbsp;&nbsp;&nbsp;&nbsp;&nbsp;&nbsp;&nbsp;&nbsp; \u201eZw\u0105tpienie wystawi\u0142o \u0142eb z zakamark\u00f3w umys\u0142u Sabina, ale postanowi\u0142o nie ryzykowa\u0107 gniewu harpii i zagrzeba\u0142o si\u0119 w kryj\u00f3wce.\u201d*<\/i><\/div>\n<div class=\"MsoNormal\">\n<\/div>\n<div class=\"MsoNormal\"><i style=\"mso-bidi-font-style: normal;\">&nbsp;&nbsp;&nbsp;&nbsp;&nbsp;&nbsp;&nbsp;&nbsp;&nbsp;&nbsp;&nbsp; Wystarczy\u0142a jedna z\u0142a decyzja aby dopad\u0142y ich demony. Teraz maj\u0105 wieczno\u015b\u0107 na naprawienie swych b\u0142\u0119d\u00f3w. Ka\u017cdy ma swojego demona, kt\u00f3ry w walce mo\u017ce i jest przydatny, ale w \u017cyciu prywatnym s\u0105 to zmory. W\u0142adcy Podziemia musz\u0105 si\u0119 zmierzy\u0107 z wrogami, kt\u00f3rzy ponownie chc\u0105 uczyni\u0107 co\u015b z\u0142ego, oraz codziennie walcz\u0105 z swoimi demonami o szcz\u0119\u015bcie.<\/i><\/div>\n<div class=\"MsoNormal\">\n<\/div>\n<div class=\"MsoNormal\"><i style=\"mso-bidi-font-style: normal;\">&nbsp;&nbsp;&nbsp;&nbsp;&nbsp;&nbsp;&nbsp;&nbsp;&nbsp;&nbsp;&nbsp; \u201eMroczny szept\u201d jest czwartym tomem o W\u0142adcach Podziemia. Dawno temu zabili Pandor\u0119 i otworzyli szkatu\u0142k\u0119, kt\u00f3rej strzeg\u0142a. Za kar\u0119 zostaj\u0105 obarczeni po jednym demonie, kt\u00f3ry jest z nimi ca\u0142y czas i robi wszystko by o nim nie zapomnieli. Po latach \u0141owcy, kt\u00f3rzy zmusili wojownik\u00f3w do otwarcia puszki chc\u0105 zrobi\u0107 to po raz drugi. W\u0142adcy Podziemi musz\u0105 temu zapobiedz. Walcz\u0105c z czasem poszukuj\u0105 artefakt\u00f3w, kt\u00f3re pomog\u0105 otworzy\u0107 puszk\u0105 Pandory. Podczas jednych poszukiwa\u0144 artefakt\u00f3w w piramidach trafiaj\u0105 do miejsca gdzie \u0141owcy przetrzymuj\u0105 kobiety jako inkubatory &#8211; gwa\u0142c\u0105 je, a gdy zajd\u0105 w ci\u0105\u017c\u0119 i urodz\u0105 zabieraj\u0105 im dzieci by wychowa\u0107 je na \u0141owc\u00f3w. <\/i><\/div>\n<div class=\"MsoNormal\"><i style=\"mso-bidi-font-style: normal;\">&nbsp;&nbsp;&nbsp;&nbsp;&nbsp;&nbsp;&nbsp;&nbsp;&nbsp;&nbsp;&nbsp; Sabin, przyw\u00f3dca W\u0142adc\u00f3w posiadaj\u0105cy demona Zw\u0105tpienie spotyka w piramidach jedn\u0105 z wi\u0119zionych kobiet &#8211; Gwen. Od pocz\u0105tku ta rudow\u0142osa pi\u0119kno\u015b\u0107 go fascynuje. Jednak by j\u0105 i siebie chroni\u0107 odnosi si\u0119 do niej z rezerw\u0105. Zachowuje si\u0119 tak poniewa\u017c Zw\u0105tpienie dopada ka\u017cd\u0105 jego kobiet\u0119 i zabiera jej pewno\u015b\u0107 siebie i doprowadza do samob\u00f3jstwa. Sabin poprzysi\u0105g\u0142, \u017ce ju\u017c nigdy si\u0119 nie zakocha, najwa\u017cniejszym sta\u0142o si\u0119 dla niego wygranie wojny, niezale\u017cnie od tego co b\u0119dzie musia\u0142 po\u015bwi\u0119ci\u0107. Liczy si\u0119 tylko zwyci\u0119stwo. Niestety Gwen wywo\u0142uje w nim nieznane mu dot\u0105d uczucia, mimo, \u017ce zachowuje si\u0119 jakby mu na niej nie zale\u017ca\u0142o pragnie j\u0105 oznaczy\u0107. Tylko on w tej p\u0142ochliwej harpii widzi waleczn\u0105 kobit\u0119, kt\u00f3ra po prostu nie potrafi zaakceptowa\u0107 swojego demona bo nie umie go kontrolowa\u0107. Gdy udaje mu si\u0119 nam\u00f3wi\u0107 Gwendolyn P\u0142ochliw\u0105 na wsp\u00f3\u0142prac\u0119 z nimi pomaga jej ujarzmi\u0107 demona.<\/i><\/div>\n<div class=\"MsoNormal\"><i style=\"mso-bidi-font-style: normal;\">&nbsp;&nbsp;&nbsp;&nbsp;&nbsp;&nbsp;&nbsp;&nbsp;&nbsp;&nbsp;&nbsp; Czy Gen da rade poskromi\u0107 harpi\u0119? Pomo\u017ce W\u0142adc\u0105 czy zw\u0105tpi w swoje umiej\u0119tno\u015bci? Sabin podda si\u0119 i pokocha jeszcze raz mimo pewno\u015bci, \u017ce Zw\u0105tpienie zaatakuje Gwen, a jak ona sobie poradzi z demonem m\u0119\u017cczyzny, kt\u00f3remu zaufa\u0142a? Czy przyw\u00f3dca rzeczywi\u015bcie b\u0119dzie w stanie po\u015bwi\u0119ci\u0107 mi\u0142o\u015b\u0107 dla zwyci\u0119stwa\u2026<\/i><\/div>\n<div class=\"MsoNormal\">\n<\/div>\n<div class=\"MsoNormal\"><i style=\"mso-bidi-font-style: normal;\">&nbsp;&nbsp;&nbsp;&nbsp;&nbsp;&nbsp;&nbsp;&nbsp;&nbsp;&nbsp;&nbsp; Nie lubi\u0119 zaczyna\u0107 serii od \u015brodka i szczerze m\u00f3wi\u0105c bior\u0105c j\u0105 do recenzji nie mia\u0142am zielonego poj\u0119cia, \u017ce to kt\u00f3ry\u015b tom z cyklu. Gdy si\u0119 dowiedzia\u0142am by\u0142o za p\u00f3\u017ano by cokolwiek zmieni\u0107 wi\u0119c wzi\u0119\u0142am i zacz\u0119\u0142am czyta\u0107\u2026 i nie \u017ca\u0142uje. Ka\u017cda kolejna ksi\u0105\u017cka m\u00f3wi o innym W\u0142adcy wi\u0119c nie przeszkadza to, \u017ce nie czyta si\u0119 od pierwszego tomu. O ksi\u0105\u017cce nic nowego nie mo\u017cna powiedzie\u0107. S\u0105 ci dobrzy i \u017ali. Mi\u0142o\u015b\u0107, kt\u00f3ra napotyka przeszkody. On jest silny, pewny siebie dominuje, ona za\u015b p\u0142ochliwa, bez wiary w w\u0142asne mo\u017cliwo\u015bci, ale\u2026 z hartem ducha. Mo\u017ce i jest szar\u0105 myszk\u0105 (wygl\u0105d na to nie wskazuje, ale co tam ;)), ale jak si\u0119 zdenerwuje lub na co\u015b uprze to trzeba si\u0119 ba\u0107. <\/i><\/div>\n<div class=\"MsoNormal\"><i style=\"mso-bidi-font-style: normal;\">&nbsp;&nbsp;&nbsp;&nbsp;&nbsp;&nbsp;&nbsp;&nbsp;&nbsp;&nbsp;&nbsp; Kto\u015b por\u00f3wna\u0142 t\u0105 seri\u0119 do Bractwa Czarnego Sztyletu Ward i mog\u0119 si\u0119 z tym zgodzi\u0107 cho\u0107 tu wampira nie spotkamy. Jednak tak samo jak w Bractwie s\u0105 przekle\u0144stwa i ostre sceny sexu. Mi to nie przeszkadza, ale osobom delikatniejszym mo\u017ce si\u0119 to nie spodoba\u0107 i obrzydzi\u0107.&nbsp; Co o bohater\u00f3w to mogli by by\u0107 mniej przewidywalni, ale polubi\u0142am W\u0142adc\u00f3w od razu. Przyznam szczerze, ze jednego z nich ch\u0119tnie bym bli\u017cej pozna\u0142a \ud83d\ude09<\/i><\/div>\n<div class=\"MsoNormal\"><i style=\"mso-bidi-font-style: normal;\">&nbsp;&nbsp;&nbsp;&nbsp;&nbsp;&nbsp;&nbsp;&nbsp;&nbsp;&nbsp;&nbsp; \u201eMroczny szept\u201d czyta si\u0119 szybko i przyjemnie, j\u0119zyk jest \u0142atwy i szybko przyswajalny. Z pewno\u015bci\u0105 si\u0119gn\u0119 po pierwsze trzy tomy jak i kontynuacj\u0119 jak tylko si\u0119 uka\u017ce.<\/i><\/div>\n<div class=\"MsoNormal\">\n<\/div>\n<div class=\"MsoNormal\"><b style=\"mso-bidi-font-weight: normal;\"><i style=\"mso-bidi-font-style: normal;\">Za mo\u017cliwo\u015b\u0107 przeczytania dzi\u0119kuj\u0119:<\/i><\/b><\/div>\n<div class=\"separator\" style=\"clear: both; text-align: center;\"><a href=\"http:\/\/1.bp.blogspot.com\/-q15r3iH8KTQ\/Tpgxh_mx4_I\/AAAAAAAAA3w\/irFKobQl7Jo\/s1600\/harequin+mira.jpg\" imageanchor=\"1\" style=\"margin-left: 1em; margin-right: 1em;\"><img decoding=\"async\" border=\"0\" src=\"http:\/\/1.bp.blogspot.com\/-q15r3iH8KTQ\/Tpgxh_mx4_I\/AAAAAAAAA3w\/irFKobQl7Jo\/s1600\/harequin+mira.jpg\" \/><\/a><\/div>\n<div class=\"MsoNormal\">\n<\/div>\n<div class=\"MsoNormal\">\n<\/div>\n<div class=\"MsoNormal\"><i style=\"mso-bidi-font-style: normal;\">*str. 279<\/i><\/div>\n<div class=\"MsoNormal\"><b style=\"mso-bidi-font-weight: normal;\"><i style=\"mso-bidi-font-style: normal;\">Autor: <\/i><\/b><i style=\"mso-bidi-font-style: normal;\">Gena Showalter<\/i><\/div>\n<div class=\"MsoNormal\"><b style=\"mso-bidi-font-weight: normal;\"><i style=\"mso-bidi-font-style: normal;\">Tytu\u0142: <\/i><\/b><i style=\"mso-bidi-font-style: normal;\">Mroczny szept<\/i><\/div>\n<div class=\"MsoNormal\"><b style=\"mso-bidi-font-weight: normal;\"><i style=\"mso-bidi-font-style: normal;\">Wydawnictwo: <\/i><\/b><i style=\"mso-bidi-font-style: normal;\">Mira<\/i><\/div>\n<div class=\"MsoNormal\"><b style=\"mso-bidi-font-weight: normal;\"><i style=\"mso-bidi-font-style: normal;\">Rok wydania: <\/i><\/b><i style=\"mso-bidi-font-style: normal;\">wrzesie\u0144 2011 <\/i><\/div>\n<div class=\"MsoNormal\"><b style=\"mso-bidi-font-weight: normal;\"><i style=\"mso-bidi-font-style: normal;\">Liczba stron: <\/i><\/b><i style=\"mso-bidi-font-style: normal;\">416 <\/i><\/div>\n","protected":false},"excerpt":{"rendered":"<p>&nbsp;&nbsp;&nbsp;&nbsp;&nbsp;&nbsp;&nbsp;&nbsp;&nbsp;&nbsp;&nbsp; \u201eZw\u0105tpienie wystawi\u0142o \u0142eb z zakamark\u00f3w umys\u0142u Sabina, ale postanowi\u0142o nie ryzykowa\u0107 gniewu harpii i zagrzeba\u0142o si\u0119 w kryj\u00f3wce.\u201d* &nbsp;&nbsp;&nbsp;&nbsp;&nbsp;&nbsp;&nbsp;&nbsp;&nbsp;&nbsp;&nbsp; Wystarczy\u0142a jedna z\u0142a decyzja aby dopad\u0142y ich demony. Teraz maj\u0105 wieczno\u015b\u0107 na naprawienie swych b\u0142\u0119d\u00f3w. Ka\u017cdy ma swojego demona, kt\u00f3ry w walce mo\u017ce i jest przydatny, ale w \u017cyciu prywatnym s\u0105 to zmory. W\u0142adcy Podziemia [&hellip;]<\/p>\n","protected":false},"author":2,"featured_media":0,"comment_status":"open","ping_status":"open","sticky":false,"template":"","format":"standard","meta":[],"categories":[1],"tags":[1001,661,1236,480,1237],"jetpack_featured_media_url":"","_links":{"self":[{"href":"https:\/\/zapatrzonawksiazki.pl\/index.php\/wp-json\/wp\/v2\/posts\/1254"}],"collection":[{"href":"https:\/\/zapatrzonawksiazki.pl\/index.php\/wp-json\/wp\/v2\/posts"}],"about":[{"href":"https:\/\/zapatrzonawksiazki.pl\/index.php\/wp-json\/wp\/v2\/types\/post"}],"author":[{"embeddable":true,"href":"https:\/\/zapatrzonawksiazki.pl\/index.php\/wp-json\/wp\/v2\/users\/2"}],"replies":[{"embeddable":true,"href":"https:\/\/zapatrzonawksiazki.pl\/index.php\/wp-json\/wp\/v2\/comments?post=1254"}],"version-history":[{"count":1,"href":"https:\/\/zapatrzonawksiazki.pl\/index.php\/wp-json\/wp\/v2\/posts\/1254\/revisions"}],"predecessor-version":[{"id":2755,"href":"https:\/\/zapatrzonawksiazki.pl\/index.php\/wp-json\/wp\/v2\/posts\/1254\/revisions\/2755"}],"wp:attachment":[{"href":"https:\/\/zapatrzonawksiazki.pl\/index.php\/wp-json\/wp\/v2\/media?parent=1254"}],"wp:term":[{"taxonomy":"category","embeddable":true,"href":"https:\/\/zapatrzonawksiazki.pl\/index.php\/wp-json\/wp\/v2\/categories?post=1254"},{"taxonomy":"post_tag","embeddable":true,"href":"https:\/\/zapatrzonawksiazki.pl\/index.php\/wp-json\/wp\/v2\/tags?post=1254"}],"curies":[{"name":"wp","href":"https:\/\/api.w.org\/{rel}","templated":true}]}}