{"id":1252,"date":"2011-10-17T11:10:00","date_gmt":"2011-10-17T11:10:00","guid":{"rendered":"http:\/\/zapatrzonawksiazki.pl\/index.php\/2011\/10\/17\/ojciec-karol-arentowicz\/"},"modified":"2018-10-07T00:35:52","modified_gmt":"2018-10-07T00:35:52","slug":"ojciec-karol-arentowicz","status":"publish","type":"post","link":"https:\/\/zapatrzonawksiazki.pl\/index.php\/2011\/10\/17\/ojciec-karol-arentowicz\/","title":{"rendered":"\u201eOjciec\u201d \u2013 Karol Arentowicz"},"content":{"rendered":"<div class=\"separator\" style=\"clear: both; text-align: center;\"><a href=\"http:\/\/4.bp.blogspot.com\/-m9rEw3cyb0g\/TpwBBh-re6I\/AAAAAAAAA4Q\/F-D8Y8DER1o\/s1600\/352x500.jpg\" imageanchor=\"1\" style=\"clear: left; float: left; margin-bottom: 1em; margin-right: 1em;\"><img decoding=\"async\" loading=\"lazy\" border=\"0\" height=\"320\" src=\"http:\/\/4.bp.blogspot.com\/-m9rEw3cyb0g\/TpwBBh-re6I\/AAAAAAAAA4Q\/F-D8Y8DER1o\/s320\/352x500.jpg\" width=\"219\" \/><\/a><\/div>\n<p><i>&nbsp;&nbsp;&nbsp;&nbsp;&nbsp;&nbsp;&nbsp;&nbsp;&nbsp;&nbsp; \u201eI ty, i ja wiemy jednak, \u017ce nie da si\u0119 niestety usun\u0105\u0107 \u015blad\u00f3w niekt\u00f3rych <\/i><i style=\"color: #e69138;\"><\/i><i style=\"mso-bidi-font-style: normal;\">okropnych <\/i><i style=\"mso-bidi-font-style: normal;\">zdarze\u0144 ani z naszej pami\u0119ci, ani z osobowo\u015bci.\u201d*<\/i><\/p>\n<div class=\"MsoNormal\">\n<\/div>\n<div class=\"MsoNormal\"><i style=\"mso-bidi-font-style: normal;\">&nbsp;&nbsp;&nbsp;&nbsp;&nbsp;&nbsp;&nbsp;&nbsp;&nbsp;&nbsp;&nbsp; Obecno\u015b\u0107 rodzic\u00f3w w \u017cyciu dzieci jest bardzo wa\u017cna. To oni nas kszta\u0142tuj\u0105, ucz\u0105 \u017cycia. Czasem takim wzorcem jest mama, a czasem tata. Cz\u0119sto jest tak, \u017ce dziewczynki lgn\u0105 do rodzicielki, a ch\u0142opcy do ojca, ale zdarzaj\u0105 si\u0119 wyj\u0105tki i jest na odwr\u00f3t. Dzieci widz\u0105c post\u0119powanie czerpi\u0105 z nich wiedz\u0119 dla siebie \u2013 skoro oni tak robi\u0105 to ja te\u017c b\u0119d\u0119\u2026 <\/i><\/div>\n<div class=\"MsoNormal\">\n<\/div>\n<div class=\"MsoNormal\"><i style=\"mso-bidi-font-style: normal;\">&nbsp;&nbsp;&nbsp;&nbsp;&nbsp;&nbsp;&nbsp;&nbsp;&nbsp;&nbsp;&nbsp; \u201eOjciec\u201d jest ksi\u0105\u017ck\u0105, kt\u00f3ra ma nam u\u015bwiadomi\u0107 jak wa\u017cna jest rola ojca w \u017cyciu dziecka. Sam autor dzieli si\u0119 z nami w niej swoimi prze\u017cyciami jako rodzica. Po up\u0142ywie kilkunastu lat gdy jego c\u00f3rka ju\u017c jest doros\u0142a \u201erobi sobie bilans\u201d swojego ojcostwa i zauwa\u017ca b\u0142\u0119dy jakie pope\u0142ni\u0142 w wychowaniu.&nbsp; Ci\u0119\u017cko mu z \u015bwiadomo\u015bci\u0105, \u017ce nie mo\u017ce ich ju\u017c naprawi\u0107.<\/i><\/div>\n<div class=\"MsoNormal\"><i style=\"mso-bidi-font-style: normal;\">&nbsp;&nbsp;&nbsp;&nbsp;&nbsp;&nbsp;&nbsp;&nbsp;&nbsp;&nbsp;&nbsp; Dodatkowo aby bardziej podkre\u015bli\u0107 rol\u0119 ojca w \u017cyciu dziecka przedstawia nam trzy przypadki wp\u0142ywu \u2013 Jezus, Stalin, Hitler. Ka\u017cda z tych postaci by\u0142a taka, a nie inna poniewa\u017c widzieli post\u0119powanie swoich ojc\u00f3w. Uczyli si\u0119 od nich i stawiali ich sobie za wz\u00f3r do post\u0119powania czy te\u017c nie znali innych przyk\u0142ad\u00f3w.<\/i><\/div>\n<div class=\"MsoNormal\">\n<\/div>\n<div class=\"MsoNormal\"><i style=\"mso-bidi-font-style: normal;\">&nbsp;&nbsp;&nbsp;&nbsp;&nbsp;&nbsp;&nbsp;&nbsp;&nbsp;&nbsp;&nbsp; To ju\u017c druga ksi\u0105\u017cka tego autora, kt\u00f3r\u0105 mam mo\u017cliwo\u015b\u0107 zrecenzowania. \u201eBajki dla niekt\u00f3rych doros\u0142ych\u201d by\u0142y bardziej lu\u017ane i weso\u0142e, \u201eOjciec\u201d za\u015b jest lektur\u0105 powa\u017cniejsz\u0105 i zmuszaj\u0105c\u0105 do my\u015blenia. Arentowicz w tej cienkiej niepozornie wygl\u0105daj\u0105cej ksi\u0105\u017ceczce pokazuje nam jak ojcowie wp\u0142ywali na syn\u00f3w, kt\u00f3rzy p\u00f3\u017aniej kszta\u0142towali nasz\u0105 histori\u0119. Musz\u0119 przyzna\u0107, \u017ce wi\u0119kszo\u015bci\u0105 si\u0119 zgadzam i my\u015bl\u0119 tak samo. Czemu z wi\u0119kszo\u015bci\u0105, a nie z wszystkim? Ot\u00f3\u017c autor m\u00f3wi tutaj o tym, \u017ce te postacie nie mia\u0142y mo\u017cliwo\u015bci bycia innymi i czerpa\u0107 wzorce z innych \u017ar\u00f3de\u0142 ni\u017c ojciec. Nie zgadzam si\u0119 z tym, wydaje mi si\u0119, \u017ce je\u015bli kto\u015b chce to mo\u017ce by\u0107 inny. Mo\u017ce czu\u0107 co mu odpowiada, a co nie. Jednak ja m\u00f3wi\u0119 to ze swojego punktu widzenia. Niestety to co jestem w stanie zaobserwowa\u0107 potwierdza s\u0142owa autora \u2013 \u201ejaki ojciec taki syn\u201d. <\/i><\/div>\n<div class=\"MsoNormal\"><i style=\"mso-bidi-font-style: normal;\">&nbsp;&nbsp;&nbsp;&nbsp;&nbsp;&nbsp;&nbsp;&nbsp;&nbsp;&nbsp;&nbsp; Ju\u017c dawno \u017cadna ksi\u0105\u017cka nie zmusi\u0142a mnie do poszerzenia wiedzy o dodatkowe informacje poprzez dodatkowe \u017ar\u00f3d\u0142a. Co prawda wiem o tych postaciach du\u017co ze szko\u0142y, ale wiedzy nigdy do\u015b\u0107, nawet jej od\u015bwie\u017cenia. Daje do my\u015blenia i zastanowienia si\u0119 do tego jak na nas samych wp\u0142yn\u0105\u0142 nasz ojciec.<\/i><\/div>\n<div class=\"MsoNormal\"><i style=\"mso-bidi-font-style: normal;\">&nbsp;&nbsp;&nbsp;&nbsp;&nbsp;&nbsp;&nbsp;&nbsp;&nbsp;&nbsp;&nbsp; Mimo ma\u0142ej ilo\u015bci stron nie mog\u0142am przeczyta\u0107 jej szybko. Jak ju\u017c kilka razy wspomnia\u0142am sk\u0142ania do przemy\u015ble\u0144, snucia wspomnie\u0144 oraz do poszerzania informacji innych \u017ar\u00f3de\u0142 na temat opisywanych postaci. Polecam!<\/i><\/div>\n<div class=\"MsoNormal\">\n<\/div>\n<div class=\"MsoNormal\"><b style=\"mso-bidi-font-weight: normal;\"><i style=\"mso-bidi-font-style: normal;\">Za mo\u017cliwo\u015b\u0107 przeczytania dzi\u0119kuj\u0119 J. \ud83d\ude09<\/i><\/b><\/div>\n<div class=\"MsoNormal\">\n<\/div>\n<div class=\"MsoNormal\">\n<\/div>\n<div class=\"MsoNormal\"><i style=\"mso-bidi-font-style: normal;\">*str. 25<\/i><\/div>\n<div class=\"MsoNormal\"><b style=\"mso-bidi-font-weight: normal;\"><i style=\"mso-bidi-font-style: normal;\">Autor: <\/i><\/b><i style=\"mso-bidi-font-style: normal;\">Karol Arentowicz<\/i><\/div>\n<div class=\"MsoNormal\"><b style=\"mso-bidi-font-weight: normal;\"><i style=\"mso-bidi-font-style: normal;\">Tytu\u0142: <\/i><\/b><i style=\"mso-bidi-font-style: normal;\">Ojciec<\/i><\/div>\n<div class=\"MsoNormal\"><b style=\"mso-bidi-font-weight: normal;\"><i style=\"mso-bidi-font-style: normal;\">Wydawnictwo: <\/i><\/b><i style=\"mso-bidi-font-style: normal;\">IMG Partner<\/i><\/div>\n<div class=\"MsoNormal\"><b style=\"mso-bidi-font-weight: normal;\"><i style=\"mso-bidi-font-style: normal;\">Rok wydania: 20 pa\u017adziernik 2011<\/i><\/b><i style=\"mso-bidi-font-style: normal;\"> <\/i><\/div>\n<div class=\"MsoNormal\"><b style=\"mso-bidi-font-weight: normal;\"><i style=\"mso-bidi-font-style: normal;\">Liczba stron: <\/i><\/b><i style=\"mso-bidi-font-style: normal;\">98 <\/i><\/div>\n","protected":false},"excerpt":{"rendered":"<p>&nbsp;&nbsp;&nbsp;&nbsp;&nbsp;&nbsp;&nbsp;&nbsp;&nbsp;&nbsp; \u201eI ty, i ja wiemy jednak, \u017ce nie da si\u0119 niestety usun\u0105\u0107 \u015blad\u00f3w niekt\u00f3rych okropnych zdarze\u0144 ani z naszej pami\u0119ci, ani z osobowo\u015bci.\u201d* &nbsp;&nbsp;&nbsp;&nbsp;&nbsp;&nbsp;&nbsp;&nbsp;&nbsp;&nbsp;&nbsp; Obecno\u015b\u0107 rodzic\u00f3w w \u017cyciu dzieci jest bardzo wa\u017cna. To oni nas kszta\u0142tuj\u0105, ucz\u0105 \u017cycia. Czasem takim wzorcem jest mama, a czasem tata. Cz\u0119sto jest tak, \u017ce dziewczynki lgn\u0105 do rodzicielki, [&hellip;]<\/p>\n","protected":false},"author":2,"featured_media":0,"comment_status":"open","ping_status":"open","sticky":false,"template":"","format":"standard","meta":[],"categories":[1],"tags":[922,1229,1230,1231,1232,1233,450,380,865,1234,1235],"jetpack_featured_media_url":"","_links":{"self":[{"href":"https:\/\/zapatrzonawksiazki.pl\/index.php\/wp-json\/wp\/v2\/posts\/1252"}],"collection":[{"href":"https:\/\/zapatrzonawksiazki.pl\/index.php\/wp-json\/wp\/v2\/posts"}],"about":[{"href":"https:\/\/zapatrzonawksiazki.pl\/index.php\/wp-json\/wp\/v2\/types\/post"}],"author":[{"embeddable":true,"href":"https:\/\/zapatrzonawksiazki.pl\/index.php\/wp-json\/wp\/v2\/users\/2"}],"replies":[{"embeddable":true,"href":"https:\/\/zapatrzonawksiazki.pl\/index.php\/wp-json\/wp\/v2\/comments?post=1252"}],"version-history":[{"count":1,"href":"https:\/\/zapatrzonawksiazki.pl\/index.php\/wp-json\/wp\/v2\/posts\/1252\/revisions"}],"predecessor-version":[{"id":2753,"href":"https:\/\/zapatrzonawksiazki.pl\/index.php\/wp-json\/wp\/v2\/posts\/1252\/revisions\/2753"}],"wp:attachment":[{"href":"https:\/\/zapatrzonawksiazki.pl\/index.php\/wp-json\/wp\/v2\/media?parent=1252"}],"wp:term":[{"taxonomy":"category","embeddable":true,"href":"https:\/\/zapatrzonawksiazki.pl\/index.php\/wp-json\/wp\/v2\/categories?post=1252"},{"taxonomy":"post_tag","embeddable":true,"href":"https:\/\/zapatrzonawksiazki.pl\/index.php\/wp-json\/wp\/v2\/tags?post=1252"}],"curies":[{"name":"wp","href":"https:\/\/api.w.org\/{rel}","templated":true}]}}