{"id":1246,"date":"2011-10-25T20:43:00","date_gmt":"2011-10-25T20:43:00","guid":{"rendered":"http:\/\/zapatrzonawksiazki.pl\/index.php\/2011\/10\/25\/corka-opiekuna-wspomnien-kim-edwards\/"},"modified":"2018-10-07T00:35:52","modified_gmt":"2018-10-07T00:35:52","slug":"corka-opiekuna-wspomnien-kim-edwards","status":"publish","type":"post","link":"https:\/\/zapatrzonawksiazki.pl\/index.php\/2011\/10\/25\/corka-opiekuna-wspomnien-kim-edwards\/","title":{"rendered":"\u201eC\u00f3rka opiekuna wspomnie\u0144\u201d \u2013 Kim Edwards"},"content":{"rendered":"<div class=\"separator\" style=\"clear: both; text-align: center;\"><a href=\"http:\/\/2.bp.blogspot.com\/-j28AhILmT7A\/Tqcej28XGeI\/AAAAAAAAA88\/cnLtZeUfTkc\/s1600\/cow.jpg\" imageanchor=\"1\" style=\"clear: left; float: left; margin-bottom: 1em; margin-right: 1em;\"><img decoding=\"async\" loading=\"lazy\" border=\"0\" height=\"320\" src=\"http:\/\/2.bp.blogspot.com\/-j28AhILmT7A\/Tqcej28XGeI\/AAAAAAAAA88\/cnLtZeUfTkc\/s320\/cow.jpg\" width=\"232\" \/><\/a><\/div>\n<p><\/p>\n<div class=\"MsoNormal\"><i style=\"mso-bidi-font-style: normal;\">&nbsp;&nbsp;&nbsp;&nbsp;&nbsp;&nbsp;&nbsp;&nbsp;&nbsp;&nbsp;&nbsp; \u201eBiedne dziecko. Niczego nie mo\u017cna dla niego zrobi\u0107, jedynie utrzymywa\u0107 w czysto\u015bci. Rodzice powinni oszcz\u0119dzi\u0107 sobie k\u0142opotu i odda\u0107 malucha do domu opieki.\u201d*<\/i><\/div>\n<div class=\"MsoNormal\">\n<\/div>\n<div class=\"MsoNormal\"><i style=\"mso-bidi-font-style: normal;\">&nbsp;&nbsp;&nbsp;&nbsp;&nbsp;&nbsp;&nbsp;&nbsp;&nbsp;&nbsp;&nbsp; Dla ka\u017cdego rodzica dziecko jest najwi\u0119kszym cudem i oczkiem w g\u0142owie. \u017badna matka czy ojciec nie wyobra\u017ca sobie, \u017ce mog\u0142aby odda\u0107 swoje male\u0144stwo. Nie wa\u017cne czy jest zdrowe, czy chore, prawda? Nie mogli by odda\u0107 bo jest inne,&nbsp; za mocno jest kochane\u2026 A jednak\u2026<\/i><\/div>\n<div class=\"MsoNormal\">\n<\/div>\n<div class=\"MsoNormal\"><i style=\"mso-bidi-font-style: normal;\">&nbsp;&nbsp;&nbsp;&nbsp;&nbsp;&nbsp;&nbsp;&nbsp;&nbsp;&nbsp;&nbsp; S\u0105 lata sze\u015b\u0107dziesi\u0105te, Dawid i Norah s\u0105 szcz\u0119\u015bliwym ma\u0142\u017ce\u0144stwem, kt\u00f3re jest jeszcze m\u0142ode. W\u0142a\u015bnie spodziewaj\u0105 si\u0119 dziecka. Pewnej zimowej nocy Norah zaczyna czu\u0107 skurcze jednak to za wcze\u015bnie na por\u00f3d i bierze to na krab \u201efa\u0142szywych sygna\u0142\u00f3w\u201d. Skurcze z czasem si\u0119 nasilaj\u0105 i s\u0105 coraz cz\u0119stsze. Budzi m\u0119\u017ca, kt\u00f3ry ju\u017c \u015bpi i jad\u0105 do kliniki gdzie mia\u0142 czeka\u0107 lekarz, kt\u00f3ry mia\u0142 odbiera\u0107 por\u00f3d. Niestety warunki pogodowe sprawi\u0142y,&nbsp; \u017ce uleg\u0142 wypadkowi. Dawid musia\u0142 sam pom\u00f3c \u017conie w porodzie, pomaga mu w tym piel\u0119gniarka Caroline Gill. Na \u015bwiat przychodzi silny syn Paul. Gdy m\u0105\u017c my\u015bli, \u017ce ju\u017c wszystko si\u0119 sko\u0144czy\u0142o okaza\u0142o si\u0119, \u017ce Norah urodzi bli\u017aniaki. Drugi&nbsp; por\u00f3d by\u0142 szybki i na \u015bwiat przysz\u0142a c\u00f3reczka Phoebe. Niestety dziewczynka ma zesp\u00f3\u0142 Downa.<\/i><\/div>\n<div class=\"MsoNormal\"><i style=\"mso-bidi-font-style: normal;\">&nbsp;&nbsp;&nbsp;&nbsp;&nbsp;&nbsp;&nbsp;&nbsp;&nbsp;&nbsp;&nbsp; Zrozpaczony ojciec nie wie co ma zrobi\u0107, w tych czas takie dzieci nie maj\u0105 prawa bytu M\u00f3wi si\u0119, \u017ce nie prze\u017cyj\u0105 d\u0142ugo, a je\u015bli ju\u017c spo\u0142ecze\u0144stwo nieakceptuje chorych ludzi. Doktor podejmuje decyzj\u0119 by Caroline zawioz\u0142a Phoebe do o\u015brodka dla ludzi upo\u015bledzonych. I pocz\u0105tkowo zamierza to zrobi\u0107. Jednak kiedy w momencie gdy zobaczy\u0142a jakie s\u0105 tam warunki zmienia zdanie i postanawia j\u0105 wychowa\u0107. Nie jest to \u0142atwym zadaniem szczeg\u00f3lnie gdy wszyscy nie mog\u0105 uwierzy\u0107 w to co robi i s\u0105 sceptycznie nastawieni<\/i><\/div>\n<div class=\"MsoNormal\"><i style=\"mso-bidi-font-style: normal;\">&nbsp;&nbsp;&nbsp;&nbsp;&nbsp;&nbsp;&nbsp;&nbsp;&nbsp;&nbsp;&nbsp; W tym samym czasie m\u0105\u017c m\u00f3wi Norah, \u017ce ich c\u00f3reczka umar\u0142a. Kobieta jest za\u0142amana i chcia\u0142aby j\u0105 op\u0142akiwa\u0107, rozmawia\u0107 o niej. Inni uwa\u017caj\u0105, \u017ce to z\u0142y pomys\u0142, \u017ce powinna cieszy\u0107 si\u0119 Paulem. W ma\u0142\u017ce\u0144stwie Henry co\u015b zaczyna si\u0119 psu\u0107 od tego momentu. Dawid jest n\u0119kany wyrzutami tym co uczyni\u0142, a Norah czuje jakby co\u015b jej zabrano. <\/i><\/div>\n<div class=\"MsoNormal\"><i style=\"mso-bidi-font-style: normal;\">&nbsp;&nbsp;&nbsp;&nbsp;&nbsp;&nbsp;&nbsp;&nbsp;&nbsp;&nbsp;&nbsp; Co si\u0119 stanie z tymi dwiema rodzinami? Czy Norah dowie si\u0119 o tym co uczyni\u0142 jej m\u0105\u017c, odnajdzie swoj\u0105 c\u00f3reczk\u0119? Jak post\u0105pi Dawid? Zaakceptuje chorob\u0119 c\u00f3rki, b\u0119dzie chcia\u0142 j\u0105 odzyska\u0107? A Caroline? Jak ona poradzi sobie w sytuacji samotnej matki? Czy podo\u0142a? Zrozumie Phoebe?<\/i><\/div>\n<div class=\"MsoNormal\">\n<\/div>\n<div class=\"MsoNormal\"><i style=\"mso-bidi-font-style: normal;\">&nbsp;&nbsp;&nbsp;&nbsp;&nbsp;&nbsp;&nbsp;&nbsp;&nbsp;&nbsp;&nbsp; Spokojnie, to co opisa\u0142am to nawet nie \u00bc ksi\u0105\u017cki. Niestety pierw mia\u0142am przyjemno\u015b\u0107 obejrze\u0107 film, kt\u00f3ry powsta\u0142 na podstawie tej\u017ce ksi\u0105\u017cki, ale nijak nie przeszkadza\u0142o i to w odbiorze powie\u015bci. \u201eC\u00f3rka opiekuna wspomnie\u0144\u201d to historia niesamowitym \u0142adunkiem emocji. Tutaj nic nie jest takie jak si\u0119 wydaje. Podczas czytanie z niesmakiem kr\u0119cimy g\u0142ow\u0105 na fakt jak kiedy\u015b traktowane by\u0142y pokrzywdzone przez los dzieci. Z niedowierzaniem czyta si\u0119, \u017ce chorzy umys\u0142owo z g\u00f3ry byli skre\u015blani. A tak naprawd\u0119 to s\u0105 bardzo m\u0105dre osoby. Chorzy na zesp\u00f3\u0142 Dawna nie potrafi\u0105 k\u0142ama\u0107, dla nich je\u015bli co\u015b jest czarne to jest czarne, nie ma innych kolor\u00f3w. Je\u015bli kochaj\u0105 to tylko szczerze. A czy my potrafimy tacy by\u0107?<\/i><\/div>\n<div class=\"MsoNormal\"><i style=\"mso-bidi-font-style: normal;\">&nbsp;&nbsp;&nbsp;&nbsp;&nbsp;&nbsp;&nbsp;&nbsp;&nbsp;&nbsp;&nbsp; Bohaterowie s\u0105 barwni i nieprzewidywalni. Od pocz\u0105tku zastanawia\u0142am si\u0119 czy mam prawo ocenia\u0107 Dawida, dzia\u0142a\u0142 pod presj\u0105 otoczenia, my\u015bla\u0142, \u017ce tak by\u0142o najlepiej dla Norah. Kocha\u0142 j\u0105, chcia\u0142 j\u0105 chroni\u0107. Polubi\u0142am Phoebe z jej prostym sposobem bycia. Normalni ludzie (tak o sobie m\u00f3wi\u0105) mogli by si\u0119 od niewiele nauczy\u0107. Fakt \u017cycie z dzieckiem autystycznym nie jest \u0142atwe, ale mo\u017cliwe. Wystarczy chcie\u0107. I w\u0142a\u015bnie to&nbsp; pokaza\u0142a Caroline.<\/i><\/div>\n<div class=\"MsoNormal\"><i style=\"mso-bidi-font-style: normal;\">&nbsp;&nbsp;&nbsp;&nbsp;&nbsp;&nbsp;&nbsp;&nbsp;&nbsp;&nbsp;&nbsp; \u201eC\u00f3rk\u0119\u2026\u201d czyta si\u0119 szybko i przyjemnie. Autorka pisz\u0119 w spos\u00f3b \u0142atwo przyswajalny i mi\u0142y w odbiorze. Gra na naszych uczuciach i nie pozwala zapomnie\u0107 o czytanej ksi\u0105\u017cce. Powie\u015b\u0107 wzrusza, zmusza do my\u015blenia, a nawet uczy. Polecam!<\/i><\/div>\n<div class=\"MsoNormal\">\n<\/div>\n<div class=\"MsoNormal\"><b><i>Za mo\u017cliwo\u015b\u0107 przeczytania dzi\u0119kuj\u0119:<\/i><\/b><\/div>\n<div class=\"separator\" style=\"clear: both; text-align: center;\"><a href=\"http:\/\/3.bp.blogspot.com\/-BSGoKwLFAhA\/TqcfSsWj9AI\/AAAAAAAAA9E\/Emdol2bNYLc\/s1600\/logo_videograf.jpg\" imageanchor=\"1\" style=\"margin-left: 1em; margin-right: 1em;\"><img decoding=\"async\" border=\"0\" src=\"http:\/\/3.bp.blogspot.com\/-BSGoKwLFAhA\/TqcfSsWj9AI\/AAAAAAAAA9E\/Emdol2bNYLc\/s1600\/logo_videograf.jpg\" \/><\/a><\/div>\n<div class=\"MsoNormal\">\n<\/div>\n<div class=\"MsoNormal\">\n<\/div>\n<div class=\"MsoNormal\"><i style=\"mso-bidi-font-style: normal;\">*str. 24<\/i><\/div>\n<div class=\"MsoNormal\"><b style=\"mso-bidi-font-weight: normal;\"><i style=\"mso-bidi-font-style: normal;\">Autor: <\/i><\/b><i style=\"mso-bidi-font-style: normal;\">Kim Edwards<\/i><\/div>\n<div class=\"MsoNormal\"><b style=\"mso-bidi-font-weight: normal;\"><i style=\"mso-bidi-font-style: normal;\">Tytu\u0142: <\/i><\/b><i style=\"mso-bidi-font-style: normal;\">C\u00f3rka opiekuna wspomnie\u0144<\/i><\/div>\n<div class=\"MsoNormal\"><b style=\"mso-bidi-font-weight: normal;\"><i style=\"mso-bidi-font-style: normal;\">Wydawnictwo: <\/i><\/b><i style=\"mso-bidi-font-style: normal;\">Videograf II<\/i><\/div>\n<div class=\"MsoNormal\"><b style=\"mso-bidi-font-weight: normal;\"><i style=\"mso-bidi-font-style: normal;\">Rok wydania: <\/i><\/b><i style=\"mso-bidi-font-style: normal;\">2007 <\/i><\/div>\n<p><b style=\"mso-bidi-font-weight: normal;\"><i style=\"mso-bidi-font-style: normal;\">Liczba stron: <\/i><\/b><i style=\"mso-bidi-font-style: normal;\">464<\/i><\/p>\n","protected":false},"excerpt":{"rendered":"<p>&nbsp;&nbsp;&nbsp;&nbsp;&nbsp;&nbsp;&nbsp;&nbsp;&nbsp;&nbsp;&nbsp; \u201eBiedne dziecko. Niczego nie mo\u017cna dla niego zrobi\u0107, jedynie utrzymywa\u0107 w czysto\u015bci. Rodzice powinni oszcz\u0119dzi\u0107 sobie k\u0142opotu i odda\u0107 malucha do domu opieki.\u201d* &nbsp;&nbsp;&nbsp;&nbsp;&nbsp;&nbsp;&nbsp;&nbsp;&nbsp;&nbsp;&nbsp; Dla ka\u017cdego rodzica dziecko jest najwi\u0119kszym cudem i oczkiem w g\u0142owie. \u017badna matka czy ojciec nie wyobra\u017ca sobie, \u017ce mog\u0142aby odda\u0107 swoje male\u0144stwo. Nie wa\u017cne czy jest zdrowe, czy chore, [&hellip;]<\/p>\n","protected":false},"author":2,"featured_media":0,"comment_status":"open","ping_status":"open","sticky":false,"template":"","format":"standard","meta":[],"categories":[1],"tags":[1001,858,788,1222,378,865,130,415,1223],"jetpack_featured_media_url":"","_links":{"self":[{"href":"https:\/\/zapatrzonawksiazki.pl\/index.php\/wp-json\/wp\/v2\/posts\/1246"}],"collection":[{"href":"https:\/\/zapatrzonawksiazki.pl\/index.php\/wp-json\/wp\/v2\/posts"}],"about":[{"href":"https:\/\/zapatrzonawksiazki.pl\/index.php\/wp-json\/wp\/v2\/types\/post"}],"author":[{"embeddable":true,"href":"https:\/\/zapatrzonawksiazki.pl\/index.php\/wp-json\/wp\/v2\/users\/2"}],"replies":[{"embeddable":true,"href":"https:\/\/zapatrzonawksiazki.pl\/index.php\/wp-json\/wp\/v2\/comments?post=1246"}],"version-history":[{"count":1,"href":"https:\/\/zapatrzonawksiazki.pl\/index.php\/wp-json\/wp\/v2\/posts\/1246\/revisions"}],"predecessor-version":[{"id":2747,"href":"https:\/\/zapatrzonawksiazki.pl\/index.php\/wp-json\/wp\/v2\/posts\/1246\/revisions\/2747"}],"wp:attachment":[{"href":"https:\/\/zapatrzonawksiazki.pl\/index.php\/wp-json\/wp\/v2\/media?parent=1246"}],"wp:term":[{"taxonomy":"category","embeddable":true,"href":"https:\/\/zapatrzonawksiazki.pl\/index.php\/wp-json\/wp\/v2\/categories?post=1246"},{"taxonomy":"post_tag","embeddable":true,"href":"https:\/\/zapatrzonawksiazki.pl\/index.php\/wp-json\/wp\/v2\/tags?post=1246"}],"curies":[{"name":"wp","href":"https:\/\/api.w.org\/{rel}","templated":true}]}}