{"id":1237,"date":"2011-11-04T20:54:00","date_gmt":"2011-11-04T20:54:00","guid":{"rendered":"http:\/\/zapatrzonawksiazki.pl\/index.php\/2011\/11\/04\/podsumowanie-pazdziernika-2\/"},"modified":"2018-10-07T00:35:01","modified_gmt":"2018-10-07T00:35:01","slug":"podsumowanie-pazdziernika-2","status":"publish","type":"post","link":"https:\/\/zapatrzonawksiazki.pl\/index.php\/2011\/11\/04\/podsumowanie-pazdziernika-2\/","title":{"rendered":"Podsumowanie pa\u017adziernika ;)"},"content":{"rendered":"<p><\/p>\n<div class=\"MsoNormal\"><i style=\"mso-bidi-font-style: normal;\">&nbsp;&nbsp;&nbsp;&nbsp;&nbsp;&nbsp;&nbsp;&nbsp;&nbsp;&nbsp;&nbsp; Kolejny miesi\u0105c za nami i kolejne ksi\u0105\u017cki te\u017c ;). M\u00f3j poziom czytelniczy spad\u0142 a\u017c o jedn\u0105 ksi\u0105\u017ck\u0119, du\u017co nie? \ud83d\ude09 Jestem zabiegana i ju\u017c nie wiem co to nuda, szczerze m\u00f3wi\u0105c t\u0119sknie za ni\u0105. Ka\u017cd\u0105 woln\u0105 chwil\u0119 po\u015bwi\u0119cam czytaniu. Mam niemoc w pisaniu, musz\u0119 si\u0119 czasem zmusza\u0107 do pisania, ale tylko pocz\u0105tkowo bo potem idzie mi jak z p\u0142atka. Chyba boje si\u0119, \u017ce napisz\u0119 bzdury czy co\u015b\u2026 ;D Dooooooobra nie b\u0119d\u0119 Was tu zanudza\u0107, czas na statystyki \ud83d\ude09<\/i><\/div>\n<div class=\"MsoNormal\">\n<\/div>\n<div class=\"MsoNormal\"><i style=\"mso-bidi-font-style: normal;\">Liczba przeczytanych ksi\u0105\u017cek: 18<\/i><\/div>\n<div class=\"MsoNormal\"><i style=\"mso-bidi-font-style: normal;\">Liczba przeczytanych stron: 5507<\/i><\/div>\n<div class=\"MsoNormal\"><i style=\"mso-bidi-font-style: normal;\">Wyzwanie Mo\u017cesz wi\u0119cej: 18<\/i><\/div>\n<div class=\"MsoNormal\"><i style=\"mso-bidi-font-style: normal;\">Wyzwanie Bracie, siostro\u2026 rodzino: 2<\/i><\/div>\n<div class=\"MsoNormal\"><i style=\"mso-bidi-font-style: normal;\">Najbardziej mi si\u0119 podoba\u0142o: <a href=\"http:\/\/zapatrzonawksiazki.blogspot.com\/2011\/10\/lista-j-d-bujak.html\">\u201eLista&#8221;<\/a>&nbsp; i <a href=\"http:\/\/zapatrzonawksiazki.blogspot.com\/2011\/11\/walczac-z-przeznaczeniem-beata-biela.html\">\u201eWalcz\u0105c z Przeznaczeniem&#8221;<\/a><\/i> <i style=\"mso-bidi-font-style: normal;\">. <\/i><\/div>\n<p><i style=\"mso-bidi-font-style: normal;\">&nbsp;Zawiod\u0142am si\u0119: <a href=\"http:\/\/zapatrzonawksiazki.blogspot.com\/search?updated-max=2011-10-29T04%3A41%3A00-07%3A00&amp;max-results=7\">\u201eOstatni dzie\u0144 lata&#8221;<\/a><\/i><\/p>\n<p><i>Czas na nowe podboje \ud83d\ude09 <\/i><\/p>\n","protected":false},"excerpt":{"rendered":"<p>&nbsp;&nbsp;&nbsp;&nbsp;&nbsp;&nbsp;&nbsp;&nbsp;&nbsp;&nbsp;&nbsp; Kolejny miesi\u0105c za nami i kolejne ksi\u0105\u017cki te\u017c ;). M\u00f3j poziom czytelniczy spad\u0142 a\u017c o jedn\u0105 ksi\u0105\u017ck\u0119, du\u017co nie? \ud83d\ude09 Jestem zabiegana i ju\u017c nie wiem co to nuda, szczerze m\u00f3wi\u0105c t\u0119sknie za ni\u0105. Ka\u017cd\u0105 woln\u0105 chwil\u0119 po\u015bwi\u0119cam czytaniu. Mam niemoc w pisaniu, musz\u0119 si\u0119 czasem zmusza\u0107 do pisania, ale tylko pocz\u0105tkowo bo potem [&hellip;]<\/p>\n","protected":false},"author":2,"featured_media":0,"comment_status":"open","ping_status":"open","sticky":false,"template":"","format":"standard","meta":[],"categories":[1],"tags":[864],"jetpack_featured_media_url":"","_links":{"self":[{"href":"https:\/\/zapatrzonawksiazki.pl\/index.php\/wp-json\/wp\/v2\/posts\/1237"}],"collection":[{"href":"https:\/\/zapatrzonawksiazki.pl\/index.php\/wp-json\/wp\/v2\/posts"}],"about":[{"href":"https:\/\/zapatrzonawksiazki.pl\/index.php\/wp-json\/wp\/v2\/types\/post"}],"author":[{"embeddable":true,"href":"https:\/\/zapatrzonawksiazki.pl\/index.php\/wp-json\/wp\/v2\/users\/2"}],"replies":[{"embeddable":true,"href":"https:\/\/zapatrzonawksiazki.pl\/index.php\/wp-json\/wp\/v2\/comments?post=1237"}],"version-history":[{"count":1,"href":"https:\/\/zapatrzonawksiazki.pl\/index.php\/wp-json\/wp\/v2\/posts\/1237\/revisions"}],"predecessor-version":[{"id":2738,"href":"https:\/\/zapatrzonawksiazki.pl\/index.php\/wp-json\/wp\/v2\/posts\/1237\/revisions\/2738"}],"wp:attachment":[{"href":"https:\/\/zapatrzonawksiazki.pl\/index.php\/wp-json\/wp\/v2\/media?parent=1237"}],"wp:term":[{"taxonomy":"category","embeddable":true,"href":"https:\/\/zapatrzonawksiazki.pl\/index.php\/wp-json\/wp\/v2\/categories?post=1237"},{"taxonomy":"post_tag","embeddable":true,"href":"https:\/\/zapatrzonawksiazki.pl\/index.php\/wp-json\/wp\/v2\/tags?post=1237"}],"curies":[{"name":"wp","href":"https:\/\/api.w.org\/{rel}","templated":true}]}}