{"id":1200,"date":"2011-12-13T08:05:00","date_gmt":"2011-12-13T08:05:00","guid":{"rendered":"http:\/\/zapatrzonawksiazki.pl\/index.php\/2011\/12\/13\/zabic-jane-erica-spindler\/"},"modified":"2018-10-07T00:34:57","modified_gmt":"2018-10-07T00:34:57","slug":"zabic-jane-erica-spindler","status":"publish","type":"post","link":"https:\/\/zapatrzonawksiazki.pl\/index.php\/2011\/12\/13\/zabic-jane-erica-spindler\/","title":{"rendered":"\u201eZabi\u0107 Jane\u201d \u2013 Erica Spindler"},"content":{"rendered":"<div class=\"separator\" style=\"clear: both; text-align: center;\"><a href=\"http:\/\/2.bp.blogspot.com\/-vs085Mf4PFA\/Tubz4bUJQGI\/AAAAAAAABOo\/VPL6HAJxRxE\/s1600\/352x50y0.jpg\" imageanchor=\"1\" style=\"clear: left; float: left; margin-bottom: 1em; margin-right: 1em;\"><img decoding=\"async\" loading=\"lazy\" border=\"0\" height=\"320\" src=\"http:\/\/2.bp.blogspot.com\/-vs085Mf4PFA\/Tubz4bUJQGI\/AAAAAAAABOo\/VPL6HAJxRxE\/s320\/352x50y0.jpg\" width=\"226\" \/><\/a><\/div>\n<p><\/p>\n<div class=\"MsoNormal\"><i style=\"mso-bidi-font-style: normal;\">&nbsp;&nbsp;&nbsp;&nbsp;&nbsp;&nbsp;&nbsp;&nbsp;&nbsp;&nbsp;&nbsp; \u201eZrobi\u0142em to specjalnie, \u017ceby us\u0142ysze\u0107 jak krzyczysz.\u201d*<\/i><\/div>\n<div class=\"MsoNormal\">\n<\/div>\n<div class=\"MsoNormal\"><i style=\"mso-bidi-font-style: normal;\">&nbsp;&nbsp;&nbsp;&nbsp;&nbsp;&nbsp;&nbsp;&nbsp;&nbsp;&nbsp;&nbsp; Przesz\u0142o\u015b\u0107 ma na ka\u017cdego du\u017cy wp\u0142yw, to co si\u0119 zdarzy\u0142o nami kieruje i dzi\u0119ki tym jest si\u0119 tym kim si\u0119 jest. Wi\u0119kszo\u015b\u0107 mo\u017ce si\u0119 cieszy\u0107 pozytywnymi zdarzeniami, niestety nie wszyscy. S\u0105 tacy, kt\u00f3rych przesz\u0142o\u015b\u0107 przera\u017ca, czuj\u0105 jej gor\u0105cy oddech na karku. Oni musz\u0105 sobie z tym poradzi\u0107 by przetrwa\u0107 dalej, musz\u0105 pokona\u0107 demony przesz\u0142o\u015bci.<\/i><\/div>\n<div class=\"MsoNormal\">\n<\/div>\n<div class=\"MsoNormal\"><i style=\"mso-bidi-font-style: normal;\">&nbsp;&nbsp;&nbsp;&nbsp;&nbsp;&nbsp;&nbsp;&nbsp;&nbsp;&nbsp;&nbsp; Jane Killian w wieku pi\u0119tnastu lat zosta\u0142a potr\u0105cona motor\u00f3wk\u0105, mia\u0142a szcz\u0119\u015bcie, \u017ce prze\u017cy\u0142a. Konsekwencj\u0105 wypadku by\u0142a utrata po\u0142owy twarzy, blizny i koszmary. Dziewczyna my\u015bla\u0142a, \u017ce to ju\u017c koniec, no bo jak ma tak \u017cy\u0107? Pewnego dnia poznaje Iana, chirurga plastycznego daj\u0105cego jej szans\u0119 na rozpocz\u0119cie nowego etapu \u017cycia. Po wielu operacjach plastycznych dziewczyna odzyskuje twarz.&nbsp; Z czasem te\u017c Ian i Jane zakochuj\u0105 si\u0119 w sobie i teraz kobieta ma kochaj\u0105cego m\u0119\u017ca, prac\u0119, kt\u00f3r\u0105 kocha i dziecko w drodze. Ma wszystko czego mo\u017ce pragn\u0105\u0107 kobieta. Ma uporz\u0105dkowane \u017cycie gdy nagle koszmary wracaj\u0105, a Killian czuje, \u017ce jej szcz\u0119\u015bcie jest zagro\u017cone.<\/i><\/div>\n<div class=\"MsoNormal\"><i style=\"mso-bidi-font-style: normal;\">&nbsp;&nbsp;&nbsp;&nbsp;&nbsp;&nbsp;&nbsp;&nbsp;&nbsp;&nbsp;&nbsp; Tymczasem w hotelu La Plaza policja znajduje zw\u0142oki Elle Vanmeer, kobiety, kt\u00f3ra by\u0142a pacjentk\u0105 Ian\u2019a. Policja podejrzewa i\u017c tych dwoje ze sob\u0105 romansowa\u0142o. \u017beby by\u0142o ma\u0142o ginie te\u017c asystentka m\u0119\u017ca Jane, i tutaj te\u017c \u015blady prowadz\u0105 do m\u0119\u017cczyzny. Jane oczywi\u015bcie nie wierzy w to wszystko i gdy m\u0105\u017c zostaje aresztowany pr\u00f3buje udowodni\u0107 jego niewinno\u015b\u0107. Zaczyna \u015bledztwo na swoj\u0105 r\u0119k\u0119, tylko, \u017ce wyniki mog\u0105 j\u0105 zawie\u015b\u0107&#8230; Po aresztowaniu Ian\u2019a kobieta zaczyna dostawa\u0107 anonimy i to najprawdopodobniej od tego kto tego pami\u0119tnego dnia by\u0142 na motor\u00f3wce. Policja jednak pocz\u0105tkowo to bagatelizuje my\u015bl\u0105c, \u017ce to jaki\u015b \u017cartowni\u015b korzysta z sytuacji, a Jane jest przewra\u017cliwiona&#8230; <\/i><\/div>\n<div class=\"MsoNormal\"><i style=\"mso-bidi-font-style: normal;\">&nbsp;&nbsp;&nbsp;&nbsp;&nbsp;&nbsp;&nbsp;&nbsp;&nbsp;&nbsp;&nbsp; Bywa, \u017ce si\u0119 mylimy, \u017ce ufamy temu komu nie powinni\u015bmy, czy to w\u0142a\u015bnie zrobi\u0142a Killian? Ian jest morderc\u0105 czy mo\u017ce kto\u015b go umiej\u0119tnie wrabia? Naprawd\u0119 kocha Jane czy mo\u017ce jest z ni\u0105 dla pieni\u0119dzy? Przyjaciele s\u0105 przyjaci\u00f3\u0142mi, a mo\u017ce wrogami? Komu ufa\u0107, a kogo si\u0119 ba\u0107? Kobieta dowie si\u0119 kto kierowa\u0142 wtedy motor\u00f3wk\u0105?<\/i><\/div>\n<div class=\"MsoNormal\">\n<\/div>\n<div class=\"MsoNormal\"><i style=\"mso-bidi-font-style: normal;\">&nbsp;&nbsp;&nbsp;&nbsp;&nbsp;&nbsp;&nbsp;&nbsp;&nbsp;&nbsp;&nbsp; To moje pierwsze zetkni\u0119cie z t\u0105 pisark\u0105 i przyznaje, \u017ce by\u0142o ciekawe cho\u0107 nie rewelacyjne. Czytanie d\u0142u\u017cy\u0142o mi si\u0119 chwilami oraz brakowa\u0142o i dreszczu emocji, gdy co\u015b komu\u015b grozi\u0142o. Ksi\u0105\u017ck\u0119 ratuj\u0105 postacie, kt\u00f3re gmatwaj\u0105 fabu\u0142\u0119, \u017ce do ko\u0144ca, do ostatniego zdania nie wiadomo kim jest morderca. Nigdy bym nie podejrzewa\u0142a w\u0142a\u015bnie tej osoby. By\u0142am gotowa uwierzy\u0107 w wszystko, ale nie w to. P\u00f3\u017aniej jednak pomy\u015bla\u0142am \u201eA w sumie to czemu by nie? Zdesperowani s\u0105 gotowi na wszystko przecie\u017c.\u201d. Plusem te\u017c by\u0142o to, \u017ce co chwil\u0119 pojawia\u0142y si\u0119 nowe dowody, poszlaki w sprawie. W powie\u015bci s\u0105 te\u017c poruszone stosunki mi\u0119dzy g\u0142\u00f3wn\u0105 bohaterk\u0105, a jej siostr\u0105 Stacy, co urozmaica troch\u0119 czytanie. Mimo wszystko brakowa\u0142o mi tego o takim ksi\u0105\u017ck\u0105 powinno towarzyszy\u0107.<\/i><\/div>\n<div class=\"MsoNormal\"><i style=\"mso-bidi-font-style: normal;\">&nbsp;&nbsp;&nbsp;&nbsp;&nbsp;&nbsp;&nbsp;&nbsp;&nbsp;&nbsp;&nbsp; Bardzo ciekawie zosta\u0142y skonstruowane tu postacie, kt\u00f3re ca\u0142y czas zaskakiwa\u0142y. Niby ju\u017c wiesz jaki kto\u015b jest, a\u017c nagle jedno zdarzenie zmusza nas do zmiany zdania o postaci. Tak, bohaterowie s\u0105 stworzeni bardzo dobrze. <\/i><\/div>\n<div class=\"MsoNormal\"><i style=\"mso-bidi-font-style: normal;\">&nbsp;&nbsp;&nbsp;&nbsp;&nbsp;&nbsp;&nbsp;&nbsp;&nbsp;&nbsp;&nbsp; \u201eZabi\u0107 Jane\u201d jest napisana w spos\u00f3b prosty i nieskomplikowany, j\u0119zyk kt\u00f3rym pos\u0142uguje si\u0119 pisarka, kt\u00f3ry \u0142atwo trafia do czytelnika. Fani Spindler na pewno odnajd\u0105 tu to co lubi\u0105. Ksi\u0105\u017cka nie jest nudna, ale mog\u0142aby by\u0107 lepsza \ud83d\ude09<\/i><\/div>\n<div class=\"MsoNormal\">\n<\/div>\n<div class=\"separator\" style=\"clear: both; text-align: center;\"><a href=\"http:\/\/3.bp.blogspot.com\/-cVjU9L3jvIY\/TucHEQrbKrI\/AAAAAAAABOw\/vHgnRPwlXkE\/s1600\/harequin+mira.jpg\" imageanchor=\"1\" style=\"margin-left: 1em; margin-right: 1em;\"><img decoding=\"async\" border=\"0\" src=\"http:\/\/3.bp.blogspot.com\/-cVjU9L3jvIY\/TucHEQrbKrI\/AAAAAAAABOw\/vHgnRPwlXkE\/s1600\/harequin+mira.jpg\" \/><\/a><\/div>\n<div class=\"MsoNormal\">\n<\/div>\n<div class=\"MsoNormal\">\n<\/div>\n<div class=\"MsoNormal\"><i style=\"mso-bidi-font-style: normal;\">*str. 173<\/i><\/div>\n<div class=\"MsoNormal\"><i style=\"mso-bidi-font-style: normal;\">&nbsp;<b style=\"mso-bidi-font-weight: normal;\">Autor:<\/b> Erica Spindler<\/i><\/div>\n<div class=\"MsoNormal\"><b style=\"mso-bidi-font-weight: normal;\"><i style=\"mso-bidi-font-style: normal;\">Tytu\u0142: <\/i><\/b><i style=\"mso-bidi-font-style: normal;\">Zabi\u0107 Jane<\/i><\/div>\n<div class=\"MsoNormal\"><b style=\"mso-bidi-font-weight: normal;\"><i style=\"mso-bidi-font-style: normal;\">Wydawnictwo: <\/i><\/b><i style=\"mso-bidi-font-style: normal;\">Mira<\/i><\/div>\n<div class=\"MsoNormal\"><b style=\"mso-bidi-font-weight: normal;\"><i style=\"mso-bidi-font-style: normal;\">Rok wydania: <\/i><\/b><i style=\"mso-bidi-font-style: normal;\">listopad 2011 <\/i><\/div>\n<div class=\"MsoNormal\"><b style=\"mso-bidi-font-weight: normal;\"><i style=\"mso-bidi-font-style: normal;\">Liczba stron: <\/i><\/b><i style=\"mso-bidi-font-style: normal;\">496<\/i><\/div>\n","protected":false},"excerpt":{"rendered":"<p>&nbsp;&nbsp;&nbsp;&nbsp;&nbsp;&nbsp;&nbsp;&nbsp;&nbsp;&nbsp;&nbsp; \u201eZrobi\u0142em to specjalnie, \u017ceby us\u0142ysze\u0107 jak krzyczysz.\u201d* &nbsp;&nbsp;&nbsp;&nbsp;&nbsp;&nbsp;&nbsp;&nbsp;&nbsp;&nbsp;&nbsp; Przesz\u0142o\u015b\u0107 ma na ka\u017cdego du\u017cy wp\u0142yw, to co si\u0119 zdarzy\u0142o nami kieruje i dzi\u0119ki tym jest si\u0119 tym kim si\u0119 jest. Wi\u0119kszo\u015b\u0107 mo\u017ce si\u0119 cieszy\u0107 pozytywnymi zdarzeniami, niestety nie wszyscy. S\u0105 tacy, kt\u00f3rych przesz\u0142o\u015b\u0107 przera\u017ca, czuj\u0105 jej gor\u0105cy oddech na karku. Oni musz\u0105 sobie z tym [&hellip;]<\/p>\n","protected":false},"author":2,"featured_media":0,"comment_status":"open","ping_status":"open","sticky":false,"template":"","format":"standard","meta":[],"categories":[1],"tags":[922,1179,480,51,378,704,267],"jetpack_featured_media_url":"","_links":{"self":[{"href":"https:\/\/zapatrzonawksiazki.pl\/index.php\/wp-json\/wp\/v2\/posts\/1200"}],"collection":[{"href":"https:\/\/zapatrzonawksiazki.pl\/index.php\/wp-json\/wp\/v2\/posts"}],"about":[{"href":"https:\/\/zapatrzonawksiazki.pl\/index.php\/wp-json\/wp\/v2\/types\/post"}],"author":[{"embeddable":true,"href":"https:\/\/zapatrzonawksiazki.pl\/index.php\/wp-json\/wp\/v2\/users\/2"}],"replies":[{"embeddable":true,"href":"https:\/\/zapatrzonawksiazki.pl\/index.php\/wp-json\/wp\/v2\/comments?post=1200"}],"version-history":[{"count":1,"href":"https:\/\/zapatrzonawksiazki.pl\/index.php\/wp-json\/wp\/v2\/posts\/1200\/revisions"}],"predecessor-version":[{"id":2701,"href":"https:\/\/zapatrzonawksiazki.pl\/index.php\/wp-json\/wp\/v2\/posts\/1200\/revisions\/2701"}],"wp:attachment":[{"href":"https:\/\/zapatrzonawksiazki.pl\/index.php\/wp-json\/wp\/v2\/media?parent=1200"}],"wp:term":[{"taxonomy":"category","embeddable":true,"href":"https:\/\/zapatrzonawksiazki.pl\/index.php\/wp-json\/wp\/v2\/categories?post=1200"},{"taxonomy":"post_tag","embeddable":true,"href":"https:\/\/zapatrzonawksiazki.pl\/index.php\/wp-json\/wp\/v2\/tags?post=1200"}],"curies":[{"name":"wp","href":"https:\/\/api.w.org\/{rel}","templated":true}]}}