{"id":1157,"date":"2012-02-10T09:07:00","date_gmt":"2012-02-10T09:07:00","guid":{"rendered":"http:\/\/zapatrzonawksiazki.pl\/index.php\/2012\/02\/10\/pare-waznych-i-mniej-waznych-spraw\/"},"modified":"2018-10-07T00:34:53","modified_gmt":"2018-10-07T00:34:53","slug":"pare-waznych-i-mniej-waznych-spraw","status":"publish","type":"post","link":"https:\/\/zapatrzonawksiazki.pl\/index.php\/2012\/02\/10\/pare-waznych-i-mniej-waznych-spraw\/","title":{"rendered":"Par\u0119 wa\u017cnych i mniej wa\u017cnych spraw ;)"},"content":{"rendered":"<p><i>&nbsp;&nbsp;&nbsp; Nie wiedzia\u0142am kiedy i gdzie to wszystko umie\u015bci\u0107 ka\u017cd\u0105 informacj\u0119, a \u017ce troch\u0119 si\u0119 tego nazbiera\u0142o powsta\u0142 oto ten wpis \ud83d\ude09<\/i><br \/>\n<i>&nbsp;<\/i>&nbsp;&nbsp; <i><b>&nbsp;<\/b><\/i><br \/>\n<i><b>&nbsp;&nbsp; Sprawa pierwsza<\/b><\/i><\/p>\n<p>&nbsp;&nbsp; <i>Jaki\u015b czas temu powsta\u0142a <b><a href=\"http:\/\/mala-biblioteczka.pl\/\" style=\"color: red;\">Ma\u0142a biblioteczka<\/a><\/b>, kt\u00f3ra ma na celu zebranie w jednym miejscu ksi\u0105\u017cek dla tych m\u0142odszych i troch\u0119 starszych dzieci. Ka\u017cdy rodzic cz\u0119sto ma dylemat co i kiedy kupi\u0107 swojej pociesze. Ta biblioteczka w tym w\u0142a\u015bnie ma pom\u00f3c. Na stronie jest katalog z podzia\u0142em na wiek, znajdziecie te\u017c tu nowo\u015bci, zapowiedzi, recenzje niekt\u00f3rych ksi\u0105\u017cek oraz konkursy. Zapraszam do odwiedzania strony!<\/i><\/p>\n<div class=\"separator\" style=\"clear: both; text-align: center;\"><a href=\"http:\/\/2.bp.blogspot.com\/-SElG3EG4bxk\/TzTTUV8ABSI\/AAAAAAAABlY\/TBma7oiirRM\/s1600\/logo.jpg\" imageanchor=\"1\" style=\"margin-left: 1em; margin-right: 1em;\"><img decoding=\"async\" loading=\"lazy\" border=\"0\" height=\"96\" src=\"http:\/\/2.bp.blogspot.com\/-SElG3EG4bxk\/TzTTUV8ABSI\/AAAAAAAABlY\/TBma7oiirRM\/s320\/logo.jpg\" width=\"320\" \/><\/a><\/div>\n<p><i> <\/i><br \/>\n<i>&nbsp;&nbsp; <b>Sprawa druga<\/b><\/i><\/p>\n<p><i><b>&nbsp;<\/b><\/i>&nbsp; <i>Ruszy\u0142 nowy <a href=\"http:\/\/zbrodniawbibliotece.pl\/kronikakryminalna\/2635,konkursnazbrodniczarecenzjestycznia-dlasyndykalistow\/\" style=\"color: red;\">konkurs<\/a> dla Syndykalist\u00f3w! Tym razem wybieramy swoj\u0105 najlepsz\u0105 recenzj\u0119 ksi\u0105\u017cki z dreszczykiem napisan\u0105 w styczniu. Wspomn\u0119, \u017ce nagrody jak zwykle s\u0105 ciekawe! Ach! Oczywi\u015bcie <b>konkurs jest tylko dla cz\u0142onk\u00f3w Syndykatu.<\/b> Nie jeste\u015b jeszcze z nami? \u0141atwo to naprawi\u0107, wystarczy napisa\u0107 maila! <b>SZCZEG\u00d3\u0141Y KONKURSU PO KLIKNI\u0118CIU W LINK! \ud83d\ude09<\/b><\/i><\/p>\n<div class=\"separator\" style=\"clear: both; text-align: center;\"><a href=\"http:\/\/2.bp.blogspot.com\/-S0icaKSMRCo\/TzTaNefJnUI\/AAAAAAAABlg\/UmyDuOX0gLM\/s1600\/szwb.jpg\" imageanchor=\"1\" style=\"margin-left: 1em; margin-right: 1em;\"><img decoding=\"async\" border=\"0\" src=\"http:\/\/2.bp.blogspot.com\/-S0icaKSMRCo\/TzTaNefJnUI\/AAAAAAAABlg\/UmyDuOX0gLM\/s1600\/szwb.jpg\" \/><\/a><\/div>\n<p>\n&nbsp;&nbsp;&nbsp; <b><i>Sprawa trzecia<\/i><\/b><br \/>\n<b><i>&nbsp; &nbsp;&nbsp; <\/i><\/b><i><b>karto_flana <\/b>za\u0142o\u017cycielka wyzwania <a href=\"http:\/\/braciesiostro.blogspot.com\/\">Bracie, siostro&#8230; rodzino<\/a> nie ma czasu na prowadzenie wyzwania, a w zwi\u0105zku z moim pytaniem czy b\u0119dzie kontynuowane pomy\u015bla\u0142a \u017ceby kto\u015b je przej\u0105\u0142. Wysz\u0142o tak, \u017ce si\u0119 zgodzi\u0142am. Nasze pytanie jest takie. <b>Uczestnicy wyzwania, chcecie aby ono trwa\u0142o??<\/b>&nbsp;<\/i><\/p>\n<div class=\"separator\" style=\"clear: both; text-align: center;\"><a href=\"http:\/\/3.bp.blogspot.com\/-eFspBoV0iL4\/TzTchJmkfVI\/AAAAAAAABlo\/riCh6zxW3WI\/s1600\/rodzina.jpg\" imageanchor=\"1\" style=\"margin-left: 1em; margin-right: 1em;\"><img decoding=\"async\" border=\"0\" src=\"http:\/\/3.bp.blogspot.com\/-eFspBoV0iL4\/TzTchJmkfVI\/AAAAAAAABlo\/riCh6zxW3WI\/s1600\/rodzina.jpg\" \/><\/a><\/div>\n<p><i>&nbsp;&nbsp;&nbsp; I takie tam&#8230; zauwa\u017cyli\u015bcie pewnie ma\u0142e zmiany na blogu. Jak Wam si\u0119 podobaj\u0105? Potrzebowa\u0142am jakiej\u015b zmiany i tego by by\u0142o czytelniej, chyba mi si\u0119 uda\u0142o to uzyska\u0107. \ud83d\ude09 Z czasem pewnie jeszcze si\u0119 jakie\u015b zmiany pojawi\u0105&#8230;<\/i><br \/>\n<i>&nbsp; &nbsp; Wczoraj wieczorem wstawi\u0142am recenzj\u0119 <b><a href=\"http:\/\/zapatrzonawksiazki.blogspot.com\/2012\/02\/rok-we-mgle-michelle-richmond.html\" style=\"color: #073763;\">&#8220;Roku we mgle&#8221;<\/a><\/b> &#8211; zapraszam do czytania!<\/i><\/p>\n","protected":false},"excerpt":{"rendered":"<p>&nbsp;&nbsp;&nbsp; Nie wiedzia\u0142am kiedy i gdzie to wszystko umie\u015bci\u0107 ka\u017cd\u0105 informacj\u0119, a \u017ce troch\u0119 si\u0119 tego nazbiera\u0142o powsta\u0142 oto ten wpis \ud83d\ude09 &nbsp;&nbsp;&nbsp; &nbsp; &nbsp;&nbsp; Sprawa pierwsza &nbsp;&nbsp; Jaki\u015b czas temu powsta\u0142a Ma\u0142a biblioteczka, kt\u00f3ra ma na celu zebranie w jednym miejscu ksi\u0105\u017cek dla tych m\u0142odszych i troch\u0119 starszych dzieci. Ka\u017cdy rodzic cz\u0119sto ma dylemat [&hellip;]<\/p>\n","protected":false},"author":2,"featured_media":0,"comment_status":"open","ping_status":"open","sticky":false,"template":"","format":"standard","meta":[],"categories":[1],"tags":[858,95,989,415],"jetpack_featured_media_url":"","_links":{"self":[{"href":"https:\/\/zapatrzonawksiazki.pl\/index.php\/wp-json\/wp\/v2\/posts\/1157"}],"collection":[{"href":"https:\/\/zapatrzonawksiazki.pl\/index.php\/wp-json\/wp\/v2\/posts"}],"about":[{"href":"https:\/\/zapatrzonawksiazki.pl\/index.php\/wp-json\/wp\/v2\/types\/post"}],"author":[{"embeddable":true,"href":"https:\/\/zapatrzonawksiazki.pl\/index.php\/wp-json\/wp\/v2\/users\/2"}],"replies":[{"embeddable":true,"href":"https:\/\/zapatrzonawksiazki.pl\/index.php\/wp-json\/wp\/v2\/comments?post=1157"}],"version-history":[{"count":1,"href":"https:\/\/zapatrzonawksiazki.pl\/index.php\/wp-json\/wp\/v2\/posts\/1157\/revisions"}],"predecessor-version":[{"id":2658,"href":"https:\/\/zapatrzonawksiazki.pl\/index.php\/wp-json\/wp\/v2\/posts\/1157\/revisions\/2658"}],"wp:attachment":[{"href":"https:\/\/zapatrzonawksiazki.pl\/index.php\/wp-json\/wp\/v2\/media?parent=1157"}],"wp:term":[{"taxonomy":"category","embeddable":true,"href":"https:\/\/zapatrzonawksiazki.pl\/index.php\/wp-json\/wp\/v2\/categories?post=1157"},{"taxonomy":"post_tag","embeddable":true,"href":"https:\/\/zapatrzonawksiazki.pl\/index.php\/wp-json\/wp\/v2\/tags?post=1157"}],"curies":[{"name":"wp","href":"https:\/\/api.w.org\/{rel}","templated":true}]}}