{"id":1152,"date":"2012-02-13T23:14:00","date_gmt":"2012-02-13T23:14:00","guid":{"rendered":"http:\/\/zapatrzonawksiazki.pl\/index.php\/2012\/02\/13\/na-szczyt-gory-arn-da\/"},"modified":"2018-10-07T00:34:52","modified_gmt":"2018-10-07T00:34:52","slug":"na-szczyt-gory-arn-da","status":"publish","type":"post","link":"https:\/\/zapatrzonawksiazki.pl\/index.php\/2012\/02\/13\/na-szczyt-gory-arn-da\/","title":{"rendered":"\u201eNa szczyt g\u00f3ry\u201d &#8211; Arn Dahl"},"content":{"rendered":"<p><a href=\"http:\/\/2.bp.blogspot.com\/--pM75Dr3X1E\/TzmX8a7VOGI\/AAAAAAAABnQ\/l3lzR29jq1k\/s1600\/352x500.jpg\" imageanchor=\"1\" style=\"clear: left; float: left; margin-bottom: 1em; margin-right: 1em;\"><img decoding=\"async\" loading=\"lazy\" border=\"0\" height=\"320\" src=\"http:\/\/2.bp.blogspot.com\/--pM75Dr3X1E\/TzmX8a7VOGI\/AAAAAAAABnQ\/l3lzR29jq1k\/s320\/352x500.jpg\" width=\"226\" \/><\/a><i style=\"mso-bidi-font-style: normal;\">\u201e- Niczego nie widzia\u0142e\u015b? (&#8230;)<\/i><\/p>\n<div class=\"MsoNormal\"><i style=\"mso-bidi-font-style: normal;\">&#8211; I ani razu nie obejrza\u0142e\u015b si\u0119 za siebie? (&#8230;)<\/i><\/div>\n<div class=\"MsoNormal\"><i style=\"mso-bidi-font-style: normal;\">&#8211; Ani razu.<\/i><\/div>\n<div class=\"MsoNormal\"><i style=\"mso-bidi-font-style: normal;\">&#8211; A to dlaczego? (&#8230;)<\/i><\/div>\n<div class=\"MsoNormal\"><i style=\"mso-bidi-font-style: normal;\">&#8211; Bo czyta\u0142em.\u201d*<\/i><\/div>\n<div class=\"MsoNormal\">\n<\/div>\n<div class=\"MsoNormal\"><i style=\"mso-bidi-font-style: normal;\">&nbsp;&nbsp;&nbsp;&nbsp;&nbsp;&nbsp;&nbsp;&nbsp;&nbsp;&nbsp;&nbsp; Tajemnice, domys\u0142y, rozsypane elementy uk\u0142adanki, kt\u00f3re nie maj\u0105 nic ze sob\u0105 wsp\u00f3lnego&#8230; Jest kto\u015b kto nie lubi takich spraw? Nie? Tak my\u015bla\u0142am, a wi\u0119c co zrobi\u0107 aby rozwi\u0105za\u0107 zagadk\u0119, gdy nic do siebie nie pasuje, a kto\u015b kto mo\u017ce Ci pom\u00f3c nie zrobi tego bo&#8230; Rozwi\u0105\u017ccie \u0142amig\u0142\u00f3wk\u0119 z Dru\u017cyn\u0105 A!<\/i><\/div>\n<div class=\"MsoNormal\">\n<\/div>\n<div class=\"MsoNormal\"><i style=\"mso-bidi-font-style: normal;\">&nbsp;&nbsp;&nbsp;&nbsp;&nbsp;&nbsp;&nbsp;&nbsp;&nbsp;&nbsp;&nbsp; \u201eNa szczyt g\u00f3ry\u201d to ju\u017c trzeci tom z serii Dru\u017cyna. Pierwszych dw\u00f3ch tj. \u201eMisterioso&#8221; i \u201eZ\u0142a krew&#8221; nie mia\u0142am okazji czyta\u0107 i niestety nie mog\u0119 przybli\u017cy\u0107 mniej wi\u0119cej fabu\u0142y. Wyczyta\u0142am tylko, \u017ce na skutek wydarze\u0144 z poprzedniej cz\u0119\u015bci dru\u017cyna przestaje istnie\u0107&#8230; jednak nie na d\u0142ugo.<\/i><\/div>\n<div class=\"MsoNormal\"><i style=\"mso-bidi-font-style: normal;\">&nbsp;&nbsp;&nbsp;&nbsp;&nbsp;&nbsp;&nbsp;&nbsp;&nbsp;&nbsp;&nbsp; Jaki\u015b bar, trwa transmisja meczu, nagle na g\u0142owie jednego kibica dru\u017cyny przeciwnej l\u0105duje kufel od piwa, uderzenie jest \u015bmiertelne. Miejsce natychmiastowo jest puste, a jedyny \u015bwiadek, kt\u00f3ry m\u00f3g\u0142 cokolwiek widzia\u0142&#8230; twierdzi, \u017ce czyta\u0142 ksi\u0105\u017ck\u0119&#8230; C\u00f3\u017c dziwne miejsce na czytanie ksi\u0105\u017cki, co nie? Okazuje si\u0119, \u017ce \u015bwiadek&#8230; troch\u0119 nagi\u0105\u0142 prawd\u0119, ale p\u00f3\u017aniej okazuje si\u0119, \u017ce mo\u017ce bardzo du\u017co powiedzie\u0107 prowadz\u0105cym spraw\u0119. Z czasem te\u017c znajduj\u0105 si\u0119 inni \u015bwiadkowie rzucaj\u0105cy nowe \u015bwiat\u0142o na \u015bledztwo. Tylko jak teraz odkry\u0107 prawd\u0119?<\/i><\/div>\n<div class=\"MsoNormal\"><i style=\"mso-bidi-font-style: normal;\">&nbsp;&nbsp;&nbsp;&nbsp;&nbsp;&nbsp;&nbsp;&nbsp;&nbsp;&nbsp;&nbsp; \u017beby by\u0142o ma\u0142o od zdarzenia w barze zaczynaj\u0105 dzia\u0107 si\u0119 jeszcze inne rzeczy: wybuch w wi\u0119zieniu, w kt\u00f3rym ginie jeden z obywateli dawnej Jugos\u0142awii, &nbsp;spotykaj\u0105 si\u0119 dwie grupy przest\u0119pcze, kt\u00f3re rozpoczynaj\u0105 krwaw\u0105 walk\u0119, do tego pedofilia oraz przest\u0119pstwa pope\u0142nione na dzieciach. &nbsp;Tylko co te zdarzenia maj\u0105 ze sob\u0105 wsp\u00f3lnego? W\u0142a\u015bnie to by\u0142a Dru\u017cyna A ma zamiar odkry\u0107. Podczas prowadzenia sprawy poznajemy te\u017c losy poszczeg\u00f3lnych cz\u0142onk\u00f3w grup, kt\u00f3re mog\u0105 nam przybli\u017cy\u0107 czemu tak si\u0119 sta\u0142o. A Dru\u017cyna A ma szans\u0119 odzyska\u0107 sw\u00f3j dawny wizerunek.<\/i><\/div>\n<div class=\"MsoNormal\"><i style=\"mso-bidi-font-style: normal;\">&nbsp;&nbsp;&nbsp;&nbsp;&nbsp;&nbsp;&nbsp;&nbsp;&nbsp;&nbsp;&nbsp; Co takiego prze\u017cyli poszczeg\u00f3lni cz\u0142onkowie grup i jaki b\u0119dzie fina\u0142 \u015bledztwa? Czy elementy uk\u0142adanki zaczn\u0105 wreszcie do siebie pasowa\u0107?<\/i><\/div>\n<div class=\"MsoNormal\">\n<\/div>\n<div class=\"MsoNormal\"><i style=\"mso-bidi-font-style: normal;\">&nbsp;&nbsp;&nbsp;&nbsp;&nbsp;&nbsp;&nbsp;&nbsp;&nbsp;&nbsp;&nbsp; Nie wiem czym si\u0119 kierowa\u0142am przy wyborze tej ksi\u0105\u017cki, ale wiem, \u017ce m\u00f3j wyb\u00f3r by\u0142 bardzo dobry. \u017ba\u0142uj\u0119 tylko, \u017ce nie mam mo\u017cliwo\u015bci przeczytania dw\u00f3ch pierwszych cz\u0119\u015bci. \u201eNa szczyt g\u00f3ry\u201d to \u015bwietny krymina\u0142, w kt\u00f3rym s\u0105 poruszane takie tematy jak terroryzm, rasizm, pedofilia. Prawd\u0119 m\u00f3wi\u0105c tematy dobrze nam znane. Dobry krymina\u0142 powinien wzbudzi\u0107 w czytelniku strach, przera\u017cenie, a nawet i agresj\u0119. I powiem Wam, \u017ce tego do\u015bwiadczycie w tej ksi\u0105\u017cce. Fabu\u0142a z w\u0105tkiem politycznym (nie cierpi\u0119 polityki, ale tu mi nie przeszkadza\u0142a), kt\u00f3ra wci\u0105ga od pierwszych stron. W trakcie czytania nie spos\u00f3b si\u0119 nudzi\u0107 gdy\u017c Dahl nie daje nam do tego sposobno\u015bci. Tu ka\u017cdy element zaczyna pr\u0119dzej czy p\u00f3\u017aniej do siebie pasowa\u0107. Pisarz pisze na tyle ciekawie, \u017ce sk\u0142ania do si\u0119gni\u0119cia po inne ksi\u0105\u017cki z tej serii&#8230; mnie bynajmniej sk\u0142oni\u0142 \ud83d\ude09<\/i><\/div>\n<div class=\"MsoNormal\"><i style=\"mso-bidi-font-style: normal;\">&nbsp;&nbsp;&nbsp;&nbsp;&nbsp;&nbsp;&nbsp;&nbsp;&nbsp;&nbsp;&nbsp; Du\u017cym plusem w powie\u015bci jest dobrze skonstruowana fabu\u0142a, ale i bohaterowie odgrywaj\u0105 tu bardzo wa\u017cn\u0105 rol\u0119. To jak s\u0105 stworzeni r\u00f3wnie\u017c jest bardzo wa\u017cne i Dahl nie zapomnia\u0142 o tym elemencie. Ka\u017cda wa\u017cna posta\u0107 jest tak opisana, \u017ce nie ma mo\u017cliwo\u015bci jej nie zauwa\u017cy\u0107. Intryguj\u0105 i ciekawi\u0105.<\/i><\/div>\n<div class=\"MsoNormal\"><i style=\"mso-bidi-font-style: normal;\">&nbsp;&nbsp;&nbsp;&nbsp;&nbsp;&nbsp;&nbsp;&nbsp;&nbsp;&nbsp;&nbsp; Oczywi\u015bcie ksi\u0105\u017cka ma swoje wady jednak to jak szwedzki pisarz przedstawia nam wielow\u0105tkow\u0105 histori\u0119 kt\u00f3ra przy\u0107miewa je i s\u0105 na tyle ma\u0142e i\u017c nie trzeba o nich m\u00f3wi\u0107 czy te\u017c si\u0119 ich obawia\u0107. &nbsp;Polecam i zapraszam do fascynuj\u0105cej historii!<\/i><\/div>\n<div class=\"MsoNormal\"><i>&nbsp; <\/i><\/div>\n<div class=\"separator\" style=\"clear: both; text-align: center;\"><a href=\"http:\/\/1.bp.blogspot.com\/-0Zpyoe_n2Bg\/TzmYLcAATPI\/AAAAAAAABnY\/FgLIAdl8WDI\/s1600\/logo-MUZA.jpg\" imageanchor=\"1\" style=\"margin-left: 1em; margin-right: 1em;\"><img decoding=\"async\" border=\"0\" src=\"http:\/\/1.bp.blogspot.com\/-0Zpyoe_n2Bg\/TzmYLcAATPI\/AAAAAAAABnY\/FgLIAdl8WDI\/s1600\/logo-MUZA.jpg\" \/><\/a><\/div>\n<div class=\"MsoNormal\" style=\"text-align: center;\">\n<div style=\"text-align: center;\"><i>&nbsp; <\/i><b>Baza recenzji Syndykatu ZwB<\/b><\/div>\n<\/div>\n<div class=\"MsoNormal\">\n<\/div>\n<div class=\"MsoNormal\"><i style=\"mso-bidi-font-style: normal;\">*str. 5-6 <\/i><\/div>\n<div class=\"MsoNormal\"><b style=\"mso-bidi-font-weight: normal;\"><i style=\"mso-bidi-font-style: normal;\">Autor: <\/i><\/b><i style=\"mso-bidi-font-style: normal;\">Arn Dahl<\/i><\/div>\n<div class=\"MsoNormal\"><b style=\"mso-bidi-font-weight: normal;\"><i style=\"mso-bidi-font-style: normal;\">Tytu\u0142: <\/i><\/b><i style=\"mso-bidi-font-style: normal;\">Na szczyt g\u00f3ry<\/i><\/div>\n<div class=\"MsoNormal\"><b style=\"mso-bidi-font-weight: normal;\"><i style=\"mso-bidi-font-style: normal;\">Wydawnictwo: <\/i><\/b><i style=\"mso-bidi-font-style: normal;\">Muza<\/i><\/div>\n<div class=\"MsoNormal\"><b style=\"mso-bidi-font-weight: normal;\"><i style=\"mso-bidi-font-style: normal;\">Rok wydania: <\/i><\/b><i style=\"mso-bidi-font-style: normal;\">wrzesie\u0144 2011<\/i><\/div>\n<p><b style=\"mso-bidi-font-weight: normal;\"><i style=\"mso-bidi-font-style: normal;\">Liczba stron: <\/i><\/b><i style=\"mso-bidi-font-style: normal;\">376<\/i><\/p>\n","protected":false},"excerpt":{"rendered":"<p>\u201e- Niczego nie widzia\u0142e\u015b? (&#8230;) &#8211; I ani razu nie obejrza\u0142e\u015b si\u0119 za siebie? (&#8230;) &#8211; Ani razu. &#8211; A to dlaczego? (&#8230;) &#8211; Bo czyta\u0142em.\u201d* &nbsp;&nbsp;&nbsp;&nbsp;&nbsp;&nbsp;&nbsp;&nbsp;&nbsp;&nbsp;&nbsp; Tajemnice, domys\u0142y, rozsypane elementy uk\u0142adanki, kt\u00f3re nie maj\u0105 nic ze sob\u0105 wsp\u00f3lnego&#8230; Jest kto\u015b kto nie lubi takich spraw? Nie? Tak my\u015bla\u0142am, a wi\u0119c co zrobi\u0107 aby rozwi\u0105za\u0107 [&hellip;]<\/p>\n","protected":false},"author":2,"featured_media":0,"comment_status":"open","ping_status":"open","sticky":false,"template":"","format":"standard","meta":[],"categories":[1],"tags":[1001,1133,51,422,413,865,1134,1135,1136,1137],"jetpack_featured_media_url":"","_links":{"self":[{"href":"https:\/\/zapatrzonawksiazki.pl\/index.php\/wp-json\/wp\/v2\/posts\/1152"}],"collection":[{"href":"https:\/\/zapatrzonawksiazki.pl\/index.php\/wp-json\/wp\/v2\/posts"}],"about":[{"href":"https:\/\/zapatrzonawksiazki.pl\/index.php\/wp-json\/wp\/v2\/types\/post"}],"author":[{"embeddable":true,"href":"https:\/\/zapatrzonawksiazki.pl\/index.php\/wp-json\/wp\/v2\/users\/2"}],"replies":[{"embeddable":true,"href":"https:\/\/zapatrzonawksiazki.pl\/index.php\/wp-json\/wp\/v2\/comments?post=1152"}],"version-history":[{"count":1,"href":"https:\/\/zapatrzonawksiazki.pl\/index.php\/wp-json\/wp\/v2\/posts\/1152\/revisions"}],"predecessor-version":[{"id":2653,"href":"https:\/\/zapatrzonawksiazki.pl\/index.php\/wp-json\/wp\/v2\/posts\/1152\/revisions\/2653"}],"wp:attachment":[{"href":"https:\/\/zapatrzonawksiazki.pl\/index.php\/wp-json\/wp\/v2\/media?parent=1152"}],"wp:term":[{"taxonomy":"category","embeddable":true,"href":"https:\/\/zapatrzonawksiazki.pl\/index.php\/wp-json\/wp\/v2\/categories?post=1152"},{"taxonomy":"post_tag","embeddable":true,"href":"https:\/\/zapatrzonawksiazki.pl\/index.php\/wp-json\/wp\/v2\/tags?post=1152"}],"curies":[{"name":"wp","href":"https:\/\/api.w.org\/{rel}","templated":true}]}}