{"id":1088,"date":"2012-04-23T06:25:00","date_gmt":"2012-04-23T06:25:00","guid":{"rendered":"http:\/\/zapatrzonawksiazki.pl\/index.php\/2012\/04\/23\/pod-nocnym-niebem-rachel-hore\/"},"modified":"2018-10-07T00:34:07","modified_gmt":"2018-10-07T00:34:07","slug":"pod-nocnym-niebem-rachel-hore","status":"publish","type":"post","link":"https:\/\/zapatrzonawksiazki.pl\/index.php\/2012\/04\/23\/pod-nocnym-niebem-rachel-hore\/","title":{"rendered":"\u201ePod nocnym niebem\u201d- Rachel Hore"},"content":{"rendered":"<div class=\"separator\" style=\"clear: both; text-align: center;\"><a href=\"http:\/\/4.bp.blogspot.com\/-zFTPPhGIa_E\/T5T1PKjVY0I\/AAAAAAAAB8Y\/ijuWq1U50e0\/s1600\/352x500.jpg\" imageanchor=\"1\" style=\"clear: left; float: left; margin-bottom: 1em; margin-right: 1em;\"><img decoding=\"async\" loading=\"lazy\" border=\"0\" height=\"320\" src=\"http:\/\/4.bp.blogspot.com\/-zFTPPhGIa_E\/T5T1PKjVY0I\/AAAAAAAAB8Y\/ijuWq1U50e0\/s320\/352x500.jpg\" width=\"205\" \/><\/a><\/div>\n<p><\/p>\n<div class=\"MsoNormal\"><i style=\"mso-bidi-font-style: normal;\">&nbsp;&nbsp;&nbsp;&nbsp;&nbsp;&nbsp;&nbsp;&nbsp;&nbsp;&nbsp;&nbsp; \u201eZawsze czu\u0142em, \u017ce jeste\u015b wyj\u0105tkowa. (&#8230;) &#8211; Jeste\u015b moj\u0105 gwiazd\u0105 przewodni\u0105 &#8211; t\u0105 gwiazd\u0105, za kt\u00f3r\u0105 pod\u0105\u017cali \u017ceglarze, Gwiazd\u0105 Polarn\u0105, kt\u00f3ra prowadzi\u0142a ich bezpiecznie do przystani, do domu.\u201d*<\/i><\/div>\n<div class=\"MsoNormal\">\n<\/div>\n<div class=\"MsoNormal\"><i style=\"mso-bidi-font-style: normal;\">&nbsp;&nbsp;&nbsp;&nbsp;&nbsp;&nbsp;&nbsp;&nbsp;&nbsp;&nbsp;&nbsp; Jest pewne miejsce, kt\u00f3re wywo\u0142uje r\u00f3\u017cne emocje, u jednych strach, a u drugich fascynacje. Jest to ciemny, ponury i g\u0119sty las, a w nim tajemnicza wie\u017ca. Ten las Ci si\u0119 \u015bni\u0142 gdy by\u0142a\u015b ma\u0142a, zawsze by\u0142o tak samo &#8211; ucieka\u0142a\u015b, wo\u0142a\u0142a\u015b mam\u0119, ale jej nie by\u0142o &#8211; zawsze. Teraz koszmar ten \u015bni bliskie Ci dziecko, w\u0142asne czy rodze\u0144stwa, niewa\u017cne. Czemu ma ten sam sen?<\/i><\/div>\n<div class=\"MsoNormal\">\n<\/div>\n<div class=\"MsoNormal\"><i style=\"mso-bidi-font-style: normal;\">&nbsp;&nbsp;&nbsp;&nbsp;&nbsp;&nbsp;&nbsp;&nbsp;&nbsp;&nbsp;&nbsp; Jude po utracie m\u0119\u017ca ca\u0142kowicie odda\u0142a si\u0119 pracy w domu aukcyjnym. Jedynie to pozwala\u0142o jej zapomnie\u0107 i jako\u015b trwa\u0107. Gdy pewnego dnia odebra\u0142a w pracy telefon, kt\u00f3ry nie by\u0142 do niej nie podejrzewa\u0142a jak bardzo namiesza w jej \u017cyciu. Ot\u00f3\u017c chodzi o wycen\u0119 kolekcji ksi\u0105\u017cek oraz notatek nie \u017cyj\u0105cego ju\u017c astronoma Anthony\u2019ego Wickhama. Aby tego dokona\u0107 udaje si\u0119 do hrabstwa Norfolk gdzie jako dziecko dorasta\u0142a. Przy okazji odwiedza swoj\u0105 siostr\u0119 i chrze\u015bnic\u0119 oraz dowiaduje si\u0119 o czym\u015b niepokoj\u0105cym &#8211; jej c\u00f3rka chrzestna Summer ma ten sam koszmar co ona gdy by\u0142a ma\u0142a. A zacz\u0105\u0142 si\u0119 \u015bni\u0107 dziewczynce gdy zobaczy\u0142a wie\u017c\u0119 <\/i>folly. <i style=\"mso-bidi-font-style: normal;\">Czemu dziewczynka \u015bni o tym samym co Jude i co z tym wszystkim maj\u0105&nbsp; wsp\u00f3lnego wydarzenia z przesz\u0142o\u015bci? Czego poprzez odczytanie starych zapisk\u00f3w dowie si\u0119 kobieta, jakie sekrety kryj\u0105 si\u0119 na starych kartkach?<\/i><\/div>\n<div class=\"MsoNormal\">\n<\/div>\n<div class=\"MsoNormal\"><i style=\"mso-bidi-font-style: normal;\">&nbsp;&nbsp;&nbsp;&nbsp;&nbsp;&nbsp;&nbsp;&nbsp;&nbsp;&nbsp;&nbsp; Mnie ta ksi\u0105\u017cka nie porwa\u0142a jako\u015b szczeg\u00f3lnie niestety, czego\u015b mi zabrak\u0142o. Historia jest ciekawa, dobrze rozpisana, ale jaka\u015b taka bez emocjonalna dla mnie. Albo po prostu tych emocji nie wyczu\u0142am. Szczerze m\u00f3wi\u0105c momentami si\u0119 nawet troch\u0119 nudzi\u0142am. Chyba nu\u017cy\u0142y mnie przyd\u0142ugie opisy oraz przeskoki w czasie, kt\u00f3re by\u0142y oznaczone tylko cudzys\u0142owem bez linijki odst\u0119pu czy czym\u015b podobnym. Dobrze, \u017ce chocia\u017c wspomnienia Esther by\u0142y napisane inn\u0105 trzcionk\u0105. Wiem, czepiam si\u0119, ale nie lubi\u0119 gdy co\u015b nie jest \u0142adnie rozpisane i czytelne. Plusem powie\u015bci by\u0142 w\u0105tek mi\u0142osny b\u0119d\u0105cy jako dodatek, w sumie prawie go nie by\u0142o, co\u015b tam si\u0119 podejrzewa\u0142o, co\u015b wyczyta\u0142o, ale nie by\u0142o masy rozbudowanych scen. Ona po prostu powoli si\u0119 rodzi\u0142a i naturalne by\u0142o, \u017ce Jude i Euan byli razem. Kolejnym pozytywnym aspektem by\u0142o osadzenie historii w tak malowniczej miejscowo\u015bci oraz powroty do XVIII wieku oraz ukazane w zapiskach wy\u017cej wspomnianej Esther dziej\u00f3w, kt\u00f3re odpowiadaj\u0105 na rodz\u0105ce si\u0119 w g\u0142owie pytania i odkrywaj\u0105ce sekrety, kt\u00f3re ju\u017c dawno powinny ujrze\u0107 \u015bwiat\u0142o dzienne. <\/i><\/div>\n<div class=\"MsoNormal\"><i style=\"mso-bidi-font-style: normal;\">&nbsp;&nbsp;&nbsp;&nbsp;&nbsp;&nbsp;&nbsp;&nbsp;&nbsp;&nbsp;&nbsp; Gdy tak sobie teraz my\u015bl\u0119 to gdyby nie przeci\u0105ganie akcji \u201ePod nocnym niebem\u201d&nbsp; by\u0142o by bardzo dobr\u0105 powie\u015bci\u0105. Mimo wszystko wci\u0105ga i ciekawi. Gdy si\u0119 zacznie czyta\u0107 musimy pozna\u0107 dalsze losy bohater\u00f3w &#8211; tych \u017cyj\u0105cych i ju\u017c nie\u017cyj\u0105cych. Nie mog\u0142abym jej od\u0142o\u017cy\u0107 nie poznaj\u0105c ko\u0144ca. Mnie osobi\u015bcie intrygowa\u0142 motyw sn\u00f3w, niecierpliwie wyczekiwa\u0142am o nich fragment\u00f3w, a gdy ju\u017c by\u0142y czyta\u0142am z wypiekami na twarzy &#8211; zawsze mnie to intrygowa\u0142o. <\/i><\/div>\n<div class=\"MsoNormal\"><i style=\"mso-bidi-font-style: normal;\">&nbsp;&nbsp;&nbsp;&nbsp;&nbsp;&nbsp;&nbsp;&nbsp;&nbsp;&nbsp;&nbsp; Tak naprawd\u0119 to j\u0105 polecam poniewa\u017c jest inna, a co oznacza, \u017ce ju\u017c tym zdobywa poparcie. Nie jest to \u017caden tani romans czy od byle by napisana historia o przesz\u0142o\u015bci. Brytyjska powie\u015bciopisarka stworzy\u0142a co\u015b przemy\u015blanego, wida\u0107, \u017ce mia\u0142a pomys\u0142 i go zrealizowa\u0142a. Zauwa\u017cy\u0142am, \u017ce tylko ja chyba narzekam na powie\u015b\u0107 i zaczynam si\u0119 zastanawia\u0107 czy czego\u015b nie przeoczy\u0142am&#8230;<\/i><\/div>\n<div class=\"MsoNormal\"><i style=\"mso-bidi-font-style: normal;\">&nbsp;&nbsp;&nbsp;&nbsp;&nbsp;&nbsp;&nbsp;&nbsp;&nbsp;&nbsp;&nbsp; Prawda, \u017ce \u015bliczna ok\u0142adka??&nbsp;<\/i><\/div>\n<div class=\"MsoNormal\">\n<\/div>\n<div class=\"separator\" style=\"clear: both; text-align: center;\"><a href=\"http:\/\/4.bp.blogspot.com\/-DRgYAAr8GII\/T5T1vEK-swI\/AAAAAAAAB8g\/fB84SFGVEmA\/s1600\/proszynski_i_ska.JPG\" imageanchor=\"1\" style=\"margin-left: 1em; margin-right: 1em;\"><img decoding=\"async\" loading=\"lazy\" border=\"0\" height=\"86\" src=\"http:\/\/4.bp.blogspot.com\/-DRgYAAr8GII\/T5T1vEK-swI\/AAAAAAAAB8g\/fB84SFGVEmA\/s320\/proszynski_i_ska.JPG\" width=\"320\" \/><\/a><\/div>\n<div class=\"MsoNormal\">\n<\/div>\n<div class=\"MsoNormal\">\n<\/div>\n<div class=\"MsoNormal\"><i style=\"mso-bidi-font-style: normal;\">*str. 121<\/i><\/div>\n<div class=\"MsoNormal\"><b style=\"mso-bidi-font-weight: normal;\"><i style=\"mso-bidi-font-style: normal;\">Autor: <\/i><\/b><i style=\"mso-bidi-font-style: normal;\">Rachel Hore<\/i><\/div>\n<div class=\"MsoNormal\"><b style=\"mso-bidi-font-weight: normal;\"><i style=\"mso-bidi-font-style: normal;\">Tytu\u0142: <\/i><\/b><i style=\"mso-bidi-font-style: normal;\">Pod nocnym niebem<\/i><\/div>\n<div class=\"MsoNormal\"><b style=\"mso-bidi-font-weight: normal;\"><i style=\"mso-bidi-font-style: normal;\">Wydawnictwo: <\/i><\/b><i style=\"mso-bidi-font-style: normal;\">Pr\u00f3szy\u0144ski i S-ka<\/i><\/div>\n<div class=\"MsoNormal\"><b style=\"mso-bidi-font-weight: normal;\"><i style=\"mso-bidi-font-style: normal;\">Rok wydania:<\/i><\/b><i style=\"mso-bidi-font-style: normal;\"> marzec 2012<\/i><\/div>\n<p><b style=\"mso-bidi-font-weight: normal;\"><i style=\"mso-bidi-font-style: normal;\">Liczba stron: <\/i><\/b><i style=\"mso-bidi-font-style: normal;\">576<\/i><\/p>\n","protected":false},"excerpt":{"rendered":"<p>&nbsp;&nbsp;&nbsp;&nbsp;&nbsp;&nbsp;&nbsp;&nbsp;&nbsp;&nbsp;&nbsp; \u201eZawsze czu\u0142em, \u017ce jeste\u015b wyj\u0105tkowa. (&#8230;) &#8211; Jeste\u015b moj\u0105 gwiazd\u0105 przewodni\u0105 &#8211; t\u0105 gwiazd\u0105, za kt\u00f3r\u0105 pod\u0105\u017cali \u017ceglarze, Gwiazd\u0105 Polarn\u0105, kt\u00f3ra prowadzi\u0142a ich bezpiecznie do przystani, do domu.\u201d* &nbsp;&nbsp;&nbsp;&nbsp;&nbsp;&nbsp;&nbsp;&nbsp;&nbsp;&nbsp;&nbsp; Jest pewne miejsce, kt\u00f3re wywo\u0142uje r\u00f3\u017cne emocje, u jednych strach, a u drugich fascynacje. Jest to ciemny, ponury i g\u0119sty las, a w nim tajemnicza [&hellip;]<\/p>\n","protected":false},"author":2,"featured_media":0,"comment_status":"open","ping_status":"open","sticky":false,"template":"","format":"standard","meta":[],"categories":[1],"tags":[922,378,450,368,1053,1054,598,629],"jetpack_featured_media_url":"","_links":{"self":[{"href":"https:\/\/zapatrzonawksiazki.pl\/index.php\/wp-json\/wp\/v2\/posts\/1088"}],"collection":[{"href":"https:\/\/zapatrzonawksiazki.pl\/index.php\/wp-json\/wp\/v2\/posts"}],"about":[{"href":"https:\/\/zapatrzonawksiazki.pl\/index.php\/wp-json\/wp\/v2\/types\/post"}],"author":[{"embeddable":true,"href":"https:\/\/zapatrzonawksiazki.pl\/index.php\/wp-json\/wp\/v2\/users\/2"}],"replies":[{"embeddable":true,"href":"https:\/\/zapatrzonawksiazki.pl\/index.php\/wp-json\/wp\/v2\/comments?post=1088"}],"version-history":[{"count":1,"href":"https:\/\/zapatrzonawksiazki.pl\/index.php\/wp-json\/wp\/v2\/posts\/1088\/revisions"}],"predecessor-version":[{"id":2589,"href":"https:\/\/zapatrzonawksiazki.pl\/index.php\/wp-json\/wp\/v2\/posts\/1088\/revisions\/2589"}],"wp:attachment":[{"href":"https:\/\/zapatrzonawksiazki.pl\/index.php\/wp-json\/wp\/v2\/media?parent=1088"}],"wp:term":[{"taxonomy":"category","embeddable":true,"href":"https:\/\/zapatrzonawksiazki.pl\/index.php\/wp-json\/wp\/v2\/categories?post=1088"},{"taxonomy":"post_tag","embeddable":true,"href":"https:\/\/zapatrzonawksiazki.pl\/index.php\/wp-json\/wp\/v2\/tags?post=1088"}],"curies":[{"name":"wp","href":"https:\/\/api.w.org\/{rel}","templated":true}]}}