{"id":1074,"date":"2012-05-28T19:28:00","date_gmt":"2012-05-28T19:28:00","guid":{"rendered":"http:\/\/zapatrzonawksiazki.pl\/index.php\/2012\/05\/28\/sow-kilka-o-tym-jak-nie-podoaa\/"},"modified":"2018-10-07T00:34:05","modified_gmt":"2018-10-07T00:34:05","slug":"sow-kilka-o-tym-jak-nie-podoaa","status":"publish","type":"post","link":"https:\/\/zapatrzonawksiazki.pl\/index.php\/2012\/05\/28\/sow-kilka-o-tym-jak-nie-podoaa\/","title":{"rendered":"S\u0142\u00f3w kilka o tym jak  nie podo\u0142a\u0142am Wil\u017cy\u0144skiej Wiedzmie&#8230; (\u201eOpowie\u015bci z Wil\u017cy\u0144skiej Doliny\u201d &#8211; Anna Brzezi\u0144ska)"},"content":{"rendered":"<div class=\"separator\" style=\"clear: both; text-align: center;\">\n<a href=\"http:\/\/4.bp.blogspot.com\/-xf4hvoX_das\/T8PKvyf6rCI\/AAAAAAAACFw\/gLtNkOh3qXw\/s1600\/352x500.jpg\" imageanchor=\"1\" style=\"clear: left; float: left; margin-bottom: 1em; margin-right: 1em;\"><img decoding=\"async\" border=\"0\" src=\"http:\/\/4.bp.blogspot.com\/-xf4hvoX_das\/T8PKvyf6rCI\/AAAAAAAACFw\/gLtNkOh3qXw\/s1600\/352x500.jpg\" \/><\/a><\/div>\n<p><i>&nbsp;&nbsp; Dzi\u015b b\u0119dzie inaczej, nie b\u0119dzie recenzji poniewa\u017c nie da\u0142am rady&#8230; Nie sko\u0144czy\u0142am owej ksi\u0105\u017cki. Jestem w trakcie nauki i korzystaj\u0105c z chwil przerwy chwytam za ksi\u0105\u017ck\u0119 by si\u0119 odpr\u0119\u017cy\u0107, zapomnie\u0107 o nauce&#8230; Przy \u201eOpowie\u015bciach&#8230;&#8221; jedyne co mi si\u0119 uda\u0142o to zasypia\u0107 lub b\u0142\u0105dzi\u0107 my\u015blami wsz\u0119dzie tylko nie w stron\u0119 ksi\u0105\u017cki. A tu nie o to chodzi&#8230;&nbsp;<\/i><br \/>\n<i><br \/>\n<\/i><br \/>\n<i>&nbsp;&nbsp; \u201eOpowie\u015bci z Wil\u017cy\u0144skiej Doliny\u201d to zbi\u00f3r kilku opowiada\u0144, kt\u00f3re mnie nie porwa\u0142y&#8230; Przeczyta\u0142am trzy i ju\u017c ich nie pami\u0119tam. Wiem, \u017ce by\u0142a jaka\u015b wied\u017ama&#8230; No c\u00f3\u017c, zawsze co\u015b.;) Ten j\u0119zyk w og\u00f3le do nie nie przem\u00f3wi\u0142, nie mog\u0142am si\u0119 wczu\u0107, wi\u0119kszo\u015bci nie rozumia\u0142am. Bohaterowie nie zapadaj\u0105 w pami\u0119\u0107. Og\u00f3lnie jestem na nie.<\/i><br \/>\n<i><br \/>\n<\/i><br \/>\n<i>&nbsp;&nbsp; Tego \u201eczego\u015b&#8221; by nie by\u0142o, ale ksi\u0105\u017ck\u0119 dosta\u0142am z akcji W\u0142\u00f3czykijka wi\u0119c co\u015b napisa\u0107 musia\u0142am \ud83d\ude09 To chyba najgorsze co do tej pory napisa\u0142am \ud83d\ude09<\/i><br \/>\n<i><br \/>\n<\/i><br \/>\n<i><b>Autor: <\/b>Anna Brzezi\u0144ska<\/i><br \/>\n<i><b>Tytu\u0142: <\/b><\/i><i>Opowie\u015bci z Wil\u017cy\u0144skiej Doliny<\/i><br \/>\n<i><b>Wydawnictwo: <\/b>Runa<\/i><br \/>\n<i><b>Rok wydania: <\/b>luty 2011<\/i><br \/>\n<i><b>Liczba stron: <\/b>386 <\/i><i><br \/>\n<\/i><\/p>\n<div class=\"separator\" style=\"clear: both; text-align: center;\">\n<a href=\"http:\/\/4.bp.blogspot.com\/-bp2AHh-H3A8\/T8PQSBXrusI\/AAAAAAAACGM\/YBg7P2ymqYs\/s1600\/spopa.jpg\" imageanchor=\"1\" style=\"margin-left: 1em; margin-right: 1em;\"><img decoding=\"async\" border=\"0\" src=\"http:\/\/4.bp.blogspot.com\/-bp2AHh-H3A8\/T8PQSBXrusI\/AAAAAAAACGM\/YBg7P2ymqYs\/s1600\/spopa.jpg\" \/><\/a><\/div>\n<p><\/p>\n<div style=\"text-align: center;\">\n<\/div>\n","protected":false},"excerpt":{"rendered":"<p>&nbsp;&nbsp; Dzi\u015b b\u0119dzie inaczej, nie b\u0119dzie recenzji poniewa\u017c nie da\u0142am rady&#8230; Nie sko\u0144czy\u0142am owej ksi\u0105\u017cki. Jestem w trakcie nauki i korzystaj\u0105c z chwil przerwy chwytam za ksi\u0105\u017ck\u0119 by si\u0119 odpr\u0119\u017cy\u0107, zapomnie\u0107 o nauce&#8230; Przy \u201eOpowie\u015bciach&#8230;&#8221; jedyne co mi si\u0119 uda\u0142o to zasypia\u0107 lub b\u0142\u0105dzi\u0107 my\u015blami wsz\u0119dzie tylko nie w stron\u0119 ksi\u0105\u017cki. A tu nie o [&hellip;]<\/p>\n","protected":false},"author":2,"featured_media":0,"comment_status":"open","ping_status":"open","sticky":false,"template":"","format":"standard","meta":[],"categories":[1],"tags":[1036,199,12,380,234,1037,1013,875],"jetpack_featured_media_url":"","_links":{"self":[{"href":"https:\/\/zapatrzonawksiazki.pl\/index.php\/wp-json\/wp\/v2\/posts\/1074"}],"collection":[{"href":"https:\/\/zapatrzonawksiazki.pl\/index.php\/wp-json\/wp\/v2\/posts"}],"about":[{"href":"https:\/\/zapatrzonawksiazki.pl\/index.php\/wp-json\/wp\/v2\/types\/post"}],"author":[{"embeddable":true,"href":"https:\/\/zapatrzonawksiazki.pl\/index.php\/wp-json\/wp\/v2\/users\/2"}],"replies":[{"embeddable":true,"href":"https:\/\/zapatrzonawksiazki.pl\/index.php\/wp-json\/wp\/v2\/comments?post=1074"}],"version-history":[{"count":1,"href":"https:\/\/zapatrzonawksiazki.pl\/index.php\/wp-json\/wp\/v2\/posts\/1074\/revisions"}],"predecessor-version":[{"id":2575,"href":"https:\/\/zapatrzonawksiazki.pl\/index.php\/wp-json\/wp\/v2\/posts\/1074\/revisions\/2575"}],"wp:attachment":[{"href":"https:\/\/zapatrzonawksiazki.pl\/index.php\/wp-json\/wp\/v2\/media?parent=1074"}],"wp:term":[{"taxonomy":"category","embeddable":true,"href":"https:\/\/zapatrzonawksiazki.pl\/index.php\/wp-json\/wp\/v2\/categories?post=1074"},{"taxonomy":"post_tag","embeddable":true,"href":"https:\/\/zapatrzonawksiazki.pl\/index.php\/wp-json\/wp\/v2\/tags?post=1074"}],"curies":[{"name":"wp","href":"https:\/\/api.w.org\/{rel}","templated":true}]}}