{"id":1032,"date":"2012-07-20T18:00:00","date_gmt":"2012-07-20T18:00:00","guid":{"rendered":"http:\/\/zapatrzonawksiazki.pl\/index.php\/2012\/07\/20\/wakacyjny-konkurs-z-wydawnictwem-otwarte\/"},"modified":"2018-10-07T00:33:51","modified_gmt":"2018-10-07T00:33:51","slug":"wakacyjny-konkurs-z-wydawnictwem-otwarte","status":"publish","type":"post","link":"https:\/\/zapatrzonawksiazki.pl\/index.php\/2012\/07\/20\/wakacyjny-konkurs-z-wydawnictwem-otwarte\/","title":{"rendered":"Wakacyjny konkurs z Wydawnictwem Otwarte!"},"content":{"rendered":"<div style=\"text-align: center;\"><i>Witajcie!<\/i><\/div>\n<div style=\"text-align: center;\"><i>Wakacje trwaj\u0105 w najlepsze&nbsp; mimo niesprzyjaj\u0105cej pogody&#8230; \ud83d\ude09 Przynajmniej u mnie tak jest. Mam tylko nadzieje, \u017ce w sierpniu b\u0119dzie o wiele \u0142adniej&#8230;. No ale nie o tym mi\u0142o by\u0107.Jak ju\u017c sam tytu\u0142 wskazuje b\u0119dzie konkurs. Tylko tym razem nie b\u0119dzie zwyk\u0142ego losowania. Trzeba b\u0119dzie si\u0119 troch\u0119 wysili\u0107 \ud83d\ude09<\/i><\/div>\n<div style=\"text-align: center;\"><i><br \/>\n<\/i><\/div>\n<div style=\"text-align: center;\"><i>Ot\u00f3\u017c waszym zadaniem b\u0119dzie:<\/i><\/div>\n<div style=\"text-align: center;\"><i><b>Opowiedzenie Waszej najciekawszej przygody wakacyjnej.&nbsp;<\/b><\/i><\/div>\n<div style=\"text-align: center;\">\n<\/div>\n<div style=\"text-align: center;\"><i>Forma dowolna: mo\u017ce to by\u0107 tekst, plakat, filmik&#8230; Jak tylko chcecie \ud83d\ude42<\/i><\/div>\n<div style=\"text-align: center;\">\n<\/div>\n<div style=\"text-align: center;\"><i><b>Zasady:<\/b><\/i><\/div>\n<div style=\"text-align: center;\"><i>1. Konkurs trwa od <b>dnia dzisiejszego do 31.07.&nbsp;<\/b><\/i><\/div>\n<div style=\"text-align: center;\"><i>2. Do konkursu zg\u0142osi\u0107 si\u0119 mo\u017ce ka\u017cdy.<\/i><\/div>\n<div style=\"text-align: center;\"><i>3. Odpowiedzi prosz\u0119 s\u0142a\u0107 na: <b>bujaczekowna@gmail.com<\/b><br \/>\n<\/i><\/div>\n<div style=\"text-align: center;\"><i>4. Poni\u017cej jest baner i tu taka ma\u0142a pro\u015bba &#8211; je\u015bli mo\u017cecie rozreklamujcie konkurs u siebie.<\/i><\/div>\n<div style=\"text-align: center;\"><i>5. Wyniki konkursu b\u0119d\u0105 podane <b>mi\u0119dzy 1 a 4 sierpnia!<\/b> <b>&nbsp;<\/b> <\/i><\/div>\n<div style=\"text-align: center;\"><i><br \/>\n<\/i><\/div>\n<div style=\"text-align: center;\"><i>Oto baner konkursu oraz nagroda ufundowane przez wydawnictwo:<\/i><\/div>\n<div class=\"separator\" style=\"clear: both; text-align: center;\"><a href=\"http:\/\/1.bp.blogspot.com\/-M9gmWCE-Noc\/UAmADw2p4KI\/AAAAAAAACp0\/FezTtmHhVJI\/s1600\/100_0466.JPG\" imageanchor=\"1\" style=\"margin-left: 1em; margin-right: 1em;\"><img decoding=\"async\" loading=\"lazy\" border=\"0\" height=\"320\" src=\"http:\/\/1.bp.blogspot.com\/-M9gmWCE-Noc\/UAmADw2p4KI\/AAAAAAAACp0\/FezTtmHhVJI\/s320\/100_0466.JPG\" width=\"240\" \/><\/a><\/div>\n<div style=\"text-align: center;\">\n<\/div>\n<div style=\"text-align: center;\">\n<\/div>\n<div style=\"text-align: center;\"><i>Wraz z pracownikami wydawnictwa \u017cycz\u0119 powodzenia!<\/i><\/div>\n","protected":false},"excerpt":{"rendered":"<p>Witajcie! Wakacje trwaj\u0105 w najlepsze&nbsp; mimo niesprzyjaj\u0105cej pogody&#8230; \ud83d\ude09 Przynajmniej u mnie tak jest. Mam tylko nadzieje, \u017ce w sierpniu b\u0119dzie o wiele \u0142adniej&#8230;. No ale nie o tym mi\u0142o by\u0107.Jak ju\u017c sam tytu\u0142 wskazuje b\u0119dzie konkurs. Tylko tym razem nie b\u0119dzie zwyk\u0142ego losowania. Trzeba b\u0119dzie si\u0119 troch\u0119 wysili\u0107 \ud83d\ude09 Ot\u00f3\u017c waszym zadaniem b\u0119dzie: Opowiedzenie [&hellip;]<\/p>\n","protected":false},"author":2,"featured_media":0,"comment_status":"open","ping_status":"open","sticky":false,"template":"","format":"standard","meta":[],"categories":[1],"tags":[10],"jetpack_featured_media_url":"","_links":{"self":[{"href":"https:\/\/zapatrzonawksiazki.pl\/index.php\/wp-json\/wp\/v2\/posts\/1032"}],"collection":[{"href":"https:\/\/zapatrzonawksiazki.pl\/index.php\/wp-json\/wp\/v2\/posts"}],"about":[{"href":"https:\/\/zapatrzonawksiazki.pl\/index.php\/wp-json\/wp\/v2\/types\/post"}],"author":[{"embeddable":true,"href":"https:\/\/zapatrzonawksiazki.pl\/index.php\/wp-json\/wp\/v2\/users\/2"}],"replies":[{"embeddable":true,"href":"https:\/\/zapatrzonawksiazki.pl\/index.php\/wp-json\/wp\/v2\/comments?post=1032"}],"version-history":[{"count":1,"href":"https:\/\/zapatrzonawksiazki.pl\/index.php\/wp-json\/wp\/v2\/posts\/1032\/revisions"}],"predecessor-version":[{"id":2533,"href":"https:\/\/zapatrzonawksiazki.pl\/index.php\/wp-json\/wp\/v2\/posts\/1032\/revisions\/2533"}],"wp:attachment":[{"href":"https:\/\/zapatrzonawksiazki.pl\/index.php\/wp-json\/wp\/v2\/media?parent=1032"}],"wp:term":[{"taxonomy":"category","embeddable":true,"href":"https:\/\/zapatrzonawksiazki.pl\/index.php\/wp-json\/wp\/v2\/categories?post=1032"},{"taxonomy":"post_tag","embeddable":true,"href":"https:\/\/zapatrzonawksiazki.pl\/index.php\/wp-json\/wp\/v2\/tags?post=1032"}],"curies":[{"name":"wp","href":"https:\/\/api.w.org\/{rel}","templated":true}]}}