{"id":1028,"date":"2012-07-24T16:36:00","date_gmt":"2012-07-24T16:36:00","guid":{"rendered":"http:\/\/zapatrzonawksiazki.pl\/index.php\/2012\/07\/24\/sia-przyjazni-sklepik-z-niespodzianka\/"},"modified":"2018-10-07T00:37:17","modified_gmt":"2018-10-07T00:37:17","slug":"sia-przyjazni-sklepik-z-niespodzianka","status":"publish","type":"post","link":"https:\/\/zapatrzonawksiazki.pl\/index.php\/2012\/07\/24\/sia-przyjazni-sklepik-z-niespodzianka\/","title":{"rendered":"Si\u0142a przyja\u017ani&#8230; (\u201eSklepik z Niespodziank\u0105. Adela\u201d &#8211; Katarzyna Michalak)"},"content":{"rendered":"<div class=\"MsoNormal\" style=\"text-align: center;\">\n<b><i style=\"mso-bidi-font-style: normal;\">\u201eZnios\u0119 ka\u017cdy cios przeznaczenia,<\/i><\/b><\/div>\n<div class=\"MsoNormal\" style=\"text-align: center;\">\n<b><i style=\"mso-bidi-font-style: normal;\">Bezsilno\u015b\u0107, \u0142zy, strach i b\u00f3l,<\/i><\/b><\/div>\n<div class=\"MsoNormal\" style=\"text-align: center;\">\n<b><i style=\"mso-bidi-font-style: normal;\">Tylko b\u0105d\u017a obok, przyjacielu,<\/i><\/b><\/div>\n<div class=\"MsoNormal\" style=\"text-align: center;\">\n<b><i style=\"mso-bidi-font-style: normal;\">Po prostu przy mnie st\u00f3j&#8221;*<\/i><\/b><\/div>\n<div class=\"MsoNormal\">\n<\/div>\n<div class=\"MsoNormal\">\n<a href=\"http:\/\/4.bp.blogspot.com\/-maBLBz79-Tc\/UA7N43zqL6I\/AAAAAAAACtk\/HuhxgfK5Qko\/s1600\/352x500.jpg\" imageanchor=\"1\" style=\"clear: left; float: left; margin-bottom: 1em; margin-right: 1em;\"><img decoding=\"async\" border=\"0\" src=\"http:\/\/4.bp.blogspot.com\/-maBLBz79-Tc\/UA7N43zqL6I\/AAAAAAAACtk\/HuhxgfK5Qko\/s1600\/352x500.jpg\" \/><\/a><i style=\"mso-bidi-font-style: normal;\">&nbsp;&nbsp;&nbsp;&nbsp;&nbsp;&nbsp;&nbsp;&nbsp;&nbsp;&nbsp;&nbsp; \u017bycie sk\u0142ada si\u0119 z rado\u015bci i smutku, z chwil dobrych i z\u0142ych, z decyzji w\u0142a\u015bciwych i tych nie w\u0142a\u015bciwych. \u017bycie to droga cz\u0119sto kr\u0119ta i z przeszkodami do pokonania. Trzeba jednak wiedzie\u0107, \u017ce je\u015bli tylko nie jest si\u0119 samemu wszystko da si\u0119 przetrwa\u0107. Gdy ma si\u0119 wok\u00f3\u0142 siebie bliskich, rodzin\u0119 czy te\u017c przyjaci\u00f3\u0142 najstraszniejsza rzecz mimo, \u017ce nas przera\u017ca i odbiera wiar\u0119 w lepsze jutro jest \u0142atwiejsza do przyj\u0119cia&#8230; Pami\u0119tajmy wi\u0119c by piel\u0119gnowa\u0107 zwi\u0105zki z bliskimi i przyja\u017anie, bo o tym te\u017c nie wolno zapomnie\u0107&#8230;<\/i><\/div>\n<div class=\"MsoNormal\">\n<\/div>\n<div class=\"MsoNormal\">\n<i style=\"mso-bidi-font-style: normal;\">&nbsp;&nbsp;&nbsp;&nbsp;&nbsp;&nbsp;&nbsp;&nbsp;&nbsp;&nbsp;&nbsp; Zapraszam Was wraz z Autork\u0105 ponownie do miejscowo\u015bci Pogodna. W miasteczku jakby nic si\u0119 nie sta\u0142o pojawia si\u0119 dawniej zaginiona Anna Potocka, kt\u00f3ra brutalnie u\u015bwiadamia Bogusi\u0119 i\u017c nadal jest \u017con\u0105 Wiktora. Ponowne pojawienie si\u0119 Anny wywo\u0142uj\u0119 mas\u0119 pyta\u0144, a Adela wraca do przesz\u0142o\u015bci, kt\u00f3rej wola\u0142aby nie pami\u0119ta\u0107. Nie pomaga jej wiadomo\u015b\u0107, kt\u00f3ra \u015bcina j\u0105 z n\u00f3g i zmusza do refleksji nad swoim dotychczasowym \u017cyciem. Bogusia musi poradzi\u0107 sobie z powrotem Anny oraz nast\u0119pstwami tego powrotu. Przyjaci\u00f3\u0142ki dziwi r\u00f3wnie\u017c dziwne zachowanie Lidki, kt\u00f3rego za nic nie potrafi\u0105 zrozumie\u0107. Co poczn\u0105 nasze bohaterki tym razem? Czy ich przyja\u017a\u0144 przetrwa tak trudn\u0105 pr\u00f3b\u0119? Co z innymi nie mniej wa\u017cnymi mieszka\u0144cami Pogodnej?<\/i><\/div>\n<div class=\"MsoNormal\">\n<\/div>\n<div class=\"MsoNormal\">\n<i style=\"mso-bidi-font-style: normal;\">&nbsp;&nbsp;&nbsp;&nbsp;&nbsp;&nbsp;&nbsp;&nbsp;&nbsp;&nbsp;&nbsp; \u201eSklepik z Niespodziank\u0105. Adela\u201d zawita\u0142 do mnie wczoraj i nawet nie wyobra\u017cacie sobie mojej rado\u015bci z tego stanu rzeczy. Oto najnowsze \u201edzieci\u0119\u201d tej Michalak jest w moim posiadaniu. Nic wi\u0119c w tym dziwnego, \u017ce tego samego dnia, a \u015bci\u015blej m\u00f3wi\u0105c wieczora zag\u0142\u0119bi\u0142am si\u0119 w dalsze losy bohaterek i przepad\u0142am na kolejnych kilka godzin. Zrobi\u0142am to bez zastanowienia, nie czyta\u0142am \u017cadnych not wydawcy czy opinii, kt\u00f3re ju\u017c si\u0119 pojawi\u0142y. Narobi\u0142am sobie smaczka, doprowadzi\u0142am swoj\u0105 ciekawo\u015b\u0107 do stanu wrzenia, kt\u00f3r\u0105 wreszcie mog\u0142am zaspokoi\u0107. Mimo pewno\u015bci, \u017ce si\u0119 nie zawiod\u0119 gdzie\u015b tam tkwi\u0142a ma\u0142a obawa, \u017ce co\u015b mo\u017ce by\u0107 nie tak, \u017ce przecie\u017c nie mo\u017ce by\u0107 ca\u0142y czas \u015bwietnie. Bo jak pewnie wiecie tudzie\u017c przeczytali\u015bcie u mnie nie raz autorka jeszcze ani razu mnie nie zawiod\u0142a. Naprawd\u0119! Za to zaskakuje co chwil\u0119, z ka\u017cd\u0105 now\u0105 powie\u015bci\u0105 dziwie si\u0119 jak to jest mo\u017cliwe. Za ka\u017cdym razem m\u00f3wi\u0119 sobie, \u017ce ju\u017c chyba niczym mnie nie zaskoczy i&#8230; myl\u0119 si\u0119, zawsze si\u0119 myl\u0119. <\/i><\/div>\n<div class=\"MsoNormal\">\n<\/div>\n<div class=\"MsoNormal\">\n<i style=\"mso-bidi-font-style: normal;\">&nbsp;&nbsp;&nbsp;&nbsp;&nbsp;&nbsp;&nbsp;&nbsp;&nbsp;&nbsp;&nbsp; Najnowsza powie\u015b\u0107 polskiej pisarki wywo\u0142a\u0142a we mnie mas\u0119 emocji. Sprawi\u0142a, \u017ce lecia\u0142y mi \u0142zy smutku, \u017calu, rozczarowania oraz rado\u015bci. Wywo\u0142a\u0142a \u015bmiech, niedowierzanie, zgrzytanie z\u0119bami ze z\u0142o\u015bci. Wzbudzi\u0142a we mnie ch\u0119\u0107 trza\u015bni\u0119cia w twarz kilku osobom lub chocia\u017c potrz\u0105\u015bni\u0119cia nimi. Prze\u017cywa\u0142am z bohaterami ich wzloty i upadki. Kibicowa\u0142am przyjaci\u00f3\u0142k\u0105 i z \u017calem patrzy\u0142am na kolejne przeszkody. W drugiej cz\u0119\u015bci Sklepiku z Niespodziank\u0105 dowiadujemy si\u0119 du\u017co wi\u0119cej o tytu\u0142owej Adeli. Poznajemy jej przesz\u0142o\u015b\u0107, odkrywamy czemu sta\u0142a si\u0119 famme fatale. Obserwujemy te\u017c jak zmienia si\u0119 pod wp\u0142ywem tego co si\u0119 obecnie dzieje w jej \u017cyciu. W tym tomie Adela gra pierwsze skrzypce, ale nie zbraknie te\u017c kontynuacji historii Bogusi oraz Lidki. Wszystkie kobiety czeka jeszcze d\u0142uga i kr\u0119ta droga, ale razem dadz\u0105 rad\u0119. Katarzyna Michalak ma to do siebie, \u017ce ko\u0144czy ksi\u0105\u017cki w takim momencie, \u017ce mam ochot\u0119 wy\u0107 ze z\u0142o\u015bci&#8230; Tym razem by\u0142o tak samo. Zupe\u0142nie nie wiem jak wytrzymam do wiosny kiedy to ma ukaza\u0107 si\u0119 trzecia cz\u0119\u015b\u0107 serii.<\/i><\/div>\n<div class=\"MsoNormal\">\n<\/div>\n<div class=\"MsoNormal\">\n<i style=\"mso-bidi-font-style: normal;\">&nbsp;&nbsp;&nbsp;&nbsp;&nbsp;&nbsp;&nbsp;&nbsp;&nbsp;&nbsp;&nbsp; \u201eSklepik z Niespodziank\u0105. Adela\u201d to powie\u015b\u0107 przede wszystkim o przyja\u017ani. Takiej silnej co przetrwa naprawd\u0119 wszystko. To te\u017c historia o zwyk\u0142ym \u017cyciu. Czytaj\u0105c mo\u017cna odnie\u015b\u0107 wra\u017cenie, \u017ce wszystko to dzieje si\u0119 obok nas, a my jeste\u015bmy w samym \u015brodku akcji. Autorka pisze stylem bardzo przyjemnym i \u0142atwym w odbiorze. Ponadto nie boi si\u0119 porusza\u0107 trudnych temat\u00f3w i w ka\u017cdej z ksi\u0105\u017cek gdzie\u015b jest taki temat wpleciony. Po prostu \u017cycie&#8230; Szczerze polecam ca\u0142\u0105 seri\u0119 z kokardk\u0105 jak i inne powie\u015bci autorki.<\/i><\/div>\n<div class=\"MsoNormal\">\n<\/div>\n<div class=\"MsoNormal\" style=\"text-align: center;\">\n<i style=\"mso-bidi-font-style: normal;\">Za mo\u017cliwo\u015b\u0107 przeczytania dzi\u0119kuj\u0119 Kasi Michalak oraz:<\/i><\/div>\n<div class=\"separator\" style=\"clear: both; text-align: center;\">\n<a href=\"http:\/\/4.bp.blogspot.com\/-RyYzZ3AuiNk\/UA7OeYi9E6I\/AAAAAAAACts\/dvrm-3LuiwE\/s1600\/wydNK.jpg\" imageanchor=\"1\" style=\"margin-left: 1em; margin-right: 1em;\"><img decoding=\"async\" loading=\"lazy\" border=\"0\" height=\"96\" src=\"http:\/\/4.bp.blogspot.com\/-RyYzZ3AuiNk\/UA7OeYi9E6I\/AAAAAAAACts\/dvrm-3LuiwE\/s320\/wydNK.jpg\" width=\"320\" \/><\/a><\/div>\n<div class=\"MsoNormal\" style=\"text-align: center;\">\n<i style=\"mso-bidi-font-style: normal;\">&nbsp; <\/i><\/div>\n<div class=\"MsoNormal\">\n<\/div>\n<div class=\"MsoNormal\">\n<i style=\"mso-bidi-font-style: normal;\">*cytat pochodzi z ksi\u0105\u017cki<\/i><\/div>\n<div class=\"MsoNormal\">\n<b style=\"mso-bidi-font-weight: normal;\"><i style=\"mso-bidi-font-style: normal;\">Autor: <\/i><\/b><i style=\"mso-bidi-font-style: normal;\">Katarzyna Michalak<\/i><\/div>\n<div class=\"MsoNormal\">\n<b style=\"mso-bidi-font-weight: normal;\"><i style=\"mso-bidi-font-style: normal;\">Tytu\u0142: <\/i><\/b><i style=\"mso-bidi-font-style: normal;\">Sklepik z Niespodziank\u0105. Adela<\/i><\/div>\n<div class=\"MsoNormal\">\n<b style=\"mso-bidi-font-weight: normal;\"><i style=\"mso-bidi-font-style: normal;\">Wydawnictwo: <\/i><\/b><i style=\"mso-bidi-font-style: normal;\">Nasza Ksi\u0119garnia<\/i><\/div>\n<div class=\"MsoNormal\">\n<b style=\"mso-bidi-font-weight: normal;\"><i style=\"mso-bidi-font-style: normal;\">Rok wydania: 25 lipca 2012 <\/i><\/b><\/div>\n<div class=\"MsoNormal\">\n<b style=\"mso-bidi-font-weight: normal;\"><i style=\"mso-bidi-font-style: normal;\">Liczba stron: <\/i><\/b><i style=\"mso-bidi-font-style: normal;\">290<\/i><\/div>\n<div class=\"MsoNormal\">\n<\/div>\n<div align=\"center\" class=\"MsoNormal\" style=\"text-align: center;\">\n<b style=\"mso-bidi-font-weight: normal;\"><i style=\"mso-bidi-font-style: normal;\">Seria z Kokardk\u0105:<\/i><\/b><\/div>\n<div align=\"center\" class=\"MsoNormal\" style=\"text-align: center;\">\n<i style=\"mso-bidi-font-style: normal;\"><a href=\"http:\/\/zapatrzonawksiazki.blogspot.com\/2012\/06\/bo-kazdy-potrzebuje-swojego-miejsca-na.html\">Sklepik z Niespodziank\u0105. Bogusia<\/a>| <b style=\"mso-bidi-font-weight: normal;\">Sklepik z Niespodziank\u0105. Adela<\/b>| Sklepik z Niespodziank\u0105. Lidka<\/i><\/p>\n<p><i style=\"mso-bidi-font-style: normal;\">***<\/i><\/p>\n<div style=\"text-align: center;\">\n<i style=\"mso-bidi-font-style: normal;\">&nbsp;<\/i><i style=\"mso-bidi-font-style: normal;\"><b>PRZYPOMINAM O <a href=\"http:\/\/zapatrzonawksiazki.blogspot.com\/2012\/07\/wakacyjny-konkurs-z-wydawnictwem-otwarte.html\" style=\"color: red;\">KONKURSIE<\/a>, KT\u00d3RY TRWA DO KO\u0143CA MIESI\u0104CA!!<\/b><\/i><\/div>\n<\/div>\n<div align=\"center\" class=\"MsoNormal\" style=\"text-align: center;\">\n<\/div>\n","protected":false},"excerpt":{"rendered":"<p>\u201eZnios\u0119 ka\u017cdy cios przeznaczenia, Bezsilno\u015b\u0107, \u0142zy, strach i b\u00f3l, Tylko b\u0105d\u017a obok, przyjacielu, Po prostu przy mnie st\u00f3j&#8221;* &nbsp;&nbsp;&nbsp;&nbsp;&nbsp;&nbsp;&nbsp;&nbsp;&nbsp;&nbsp;&nbsp; \u017bycie sk\u0142ada si\u0119 z rado\u015bci i smutku, z chwil dobrych i z\u0142ych, z decyzji w\u0142a\u015bciwych i tych nie w\u0142a\u015bciwych. \u017bycie to droga cz\u0119sto kr\u0119ta i z przeszkodami do pokonania. Trzeba jednak wiedzie\u0107, \u017ce je\u015bli tylko nie [&hellip;]<\/p>\n","protected":false},"author":2,"featured_media":0,"comment_status":"open","ping_status":"open","sticky":false,"template":"","format":"standard","meta":[],"categories":[1,5,4],"tags":[11,712,44,380,622,595,865,119,653,826,415],"jetpack_featured_media_url":"","_links":{"self":[{"href":"https:\/\/zapatrzonawksiazki.pl\/index.php\/wp-json\/wp\/v2\/posts\/1028"}],"collection":[{"href":"https:\/\/zapatrzonawksiazki.pl\/index.php\/wp-json\/wp\/v2\/posts"}],"about":[{"href":"https:\/\/zapatrzonawksiazki.pl\/index.php\/wp-json\/wp\/v2\/types\/post"}],"author":[{"embeddable":true,"href":"https:\/\/zapatrzonawksiazki.pl\/index.php\/wp-json\/wp\/v2\/users\/2"}],"replies":[{"embeddable":true,"href":"https:\/\/zapatrzonawksiazki.pl\/index.php\/wp-json\/wp\/v2\/comments?post=1028"}],"version-history":[{"count":1,"href":"https:\/\/zapatrzonawksiazki.pl\/index.php\/wp-json\/wp\/v2\/posts\/1028\/revisions"}],"predecessor-version":[{"id":2529,"href":"https:\/\/zapatrzonawksiazki.pl\/index.php\/wp-json\/wp\/v2\/posts\/1028\/revisions\/2529"}],"wp:attachment":[{"href":"https:\/\/zapatrzonawksiazki.pl\/index.php\/wp-json\/wp\/v2\/media?parent=1028"}],"wp:term":[{"taxonomy":"category","embeddable":true,"href":"https:\/\/zapatrzonawksiazki.pl\/index.php\/wp-json\/wp\/v2\/categories?post=1028"},{"taxonomy":"post_tag","embeddable":true,"href":"https:\/\/zapatrzonawksiazki.pl\/index.php\/wp-json\/wp\/v2\/tags?post=1028"}],"curies":[{"name":"wp","href":"https:\/\/api.w.org\/{rel}","templated":true}]}}