{"id":1010,"date":"2012-08-19T12:43:00","date_gmt":"2012-08-19T12:43:00","guid":{"rendered":"http:\/\/zapatrzonawksiazki.pl\/index.php\/2012\/08\/19\/pojechaa-i-nie-daa-znac-p\/"},"modified":"2018-10-07T00:33:49","modified_gmt":"2018-10-07T00:33:49","slug":"pojechaa-i-nie-daa-znac-p","status":"publish","type":"post","link":"https:\/\/zapatrzonawksiazki.pl\/index.php\/2012\/08\/19\/pojechaa-i-nie-daa-znac-p\/","title":{"rendered":"Pojecha\u0142a i nie da\u0142a zna\u0107&#8230; :P"},"content":{"rendered":"<p><i>Tak, tak, m\u00f3wi\u0119 tu teraz o sobie oczywi\u015bcie&#8230; Od 11.08 jestem w s\u0142onecznym Dar\u0142owie i m\u00f3wi\u0105c kr\u00f3tko si\u0119 obijam \ud83d\ude42 St\u0105d te\u017c ten zast\u00f3j na blogu. Recenzje s\u0105 napisane, ale z ch\u0119ci\u0105 by je wklepa\u0107 na bloga ju\u017c jest gorzej, sami rozumiecie :). Tak do ko\u0144ca to mo\u017ce i nie leniuchuje bo jestem na turnusie rehabilitacyjnym w zwi\u0105zku z czym \u0142ami\u0105 mnie (\u017cart), masuj\u0105 i na\u015bwietlaj\u0105 (chyba si\u0119 do tego przyzwyczaj\u0119 :D). Opr\u00f3cz tego mamy szereg atrakcji i na nud\u0119 nie narzekam, p\u0142yn\u0119\u0142am statkiem, ogl\u0105da\u0142am pokaz samolot\u00f3w, by\u0142am na koncertach reggaenwalde festiwal, na kt\u00f3rym by\u0142o ZAJEBI\u015aCIE. \u015awietny klimat, ludzie si\u0119 bawili razem i oby\u0142o si\u0119 bez zb\u0119dnych atrakcji typu zaczepek os\u00f3b pijanych&#8230; Pozna\u0142am kilka nowych zespo\u0142\u00f3w i si\u0119 wyszala\u0142am. Mam nadziej\u0119, \u017ce za rok te\u017c uda mi si\u0119 by\u0107 na festiwalu! Zdj\u0119cia poka\u017ce po powrocie jak ju\u017c b\u0119d\u0119 mia\u0142a wszystkie, oczywi\u015bcie nie wszystkie ujrzycie bo za du\u017co by\u015bcie zobaczyli \ud83d\ude00 Przede mn\u0105 jeszcze pi\u0119\u0107 dni laby, ciekawe co si\u0119 wydarzy \ud83d\ude1b<\/i><br \/>\n<i><br \/>\n<\/i> <i>Jak ka\u017cdy mol ksi\u0105\u017ckowy zabra\u0142am ze sob\u0105 ksi\u0105\u017cki&#8230;<\/i><\/p>\n<div class=\"separator\" style=\"clear: both; text-align: center;\"><a href=\"http:\/\/4.bp.blogspot.com\/-sqpxvd9Nppg\/UDDci9t9KOI\/AAAAAAAAC9U\/dDzbeUeKXYQ\/s1600\/100_0475.JPG\" imageanchor=\"1\" style=\"margin-left: 1em; margin-right: 1em;\"><img decoding=\"async\" loading=\"lazy\" border=\"0\" height=\"240\" src=\"http:\/\/4.bp.blogspot.com\/-sqpxvd9Nppg\/UDDci9t9KOI\/AAAAAAAAC9U\/dDzbeUeKXYQ\/s320\/100_0475.JPG\" width=\"320\" \/><\/a><\/div>\n<p><i>Zabrak\u0142o tylko w stosie &#8220;Ksi\u0119gi Sandry&#8221;, kt\u00f3r\u0105 czyta\u0142am w trakcie robienia zdj\u0119cia. Ju\u017c jest przeczytana, a z stosu mam za sob\u0105 ju\u017c pozycj\u0119 1, 3, 5. Ksi\u0105\u017cka nr 2 w\u0142a\u015bnie si\u0119 czyta \ud83d\ude42<\/i><br \/>\n<i><br \/>\n<\/i> <i>Na koniec moje nowe odkrycie podczas festiwalu \ud83d\ude42<\/i><\/p>\n<div class=\"separator\" style=\"clear: both; text-align: center;\"><\/div>\n<div style=\"text-align: right;\"><i>Pozdrawiam s\u0142onecznie :*<\/i><\/div>\n","protected":false},"excerpt":{"rendered":"<p>Tak, tak, m\u00f3wi\u0119 tu teraz o sobie oczywi\u015bcie&#8230; Od 11.08 jestem w s\u0142onecznym Dar\u0142owie i m\u00f3wi\u0105c kr\u00f3tko si\u0119 obijam \ud83d\ude42 St\u0105d te\u017c ten zast\u00f3j na blogu. Recenzje s\u0105 napisane, ale z ch\u0119ci\u0105 by je wklepa\u0107 na bloga ju\u017c jest gorzej, sami rozumiecie :). Tak do ko\u0144ca to mo\u017ce i nie leniuchuje bo jestem na turnusie [&hellip;]<\/p>\n","protected":false},"author":2,"featured_media":0,"comment_status":"open","ping_status":"open","sticky":false,"template":"","format":"standard","meta":[],"categories":[1],"tags":[95],"jetpack_featured_media_url":"","_links":{"self":[{"href":"https:\/\/zapatrzonawksiazki.pl\/index.php\/wp-json\/wp\/v2\/posts\/1010"}],"collection":[{"href":"https:\/\/zapatrzonawksiazki.pl\/index.php\/wp-json\/wp\/v2\/posts"}],"about":[{"href":"https:\/\/zapatrzonawksiazki.pl\/index.php\/wp-json\/wp\/v2\/types\/post"}],"author":[{"embeddable":true,"href":"https:\/\/zapatrzonawksiazki.pl\/index.php\/wp-json\/wp\/v2\/users\/2"}],"replies":[{"embeddable":true,"href":"https:\/\/zapatrzonawksiazki.pl\/index.php\/wp-json\/wp\/v2\/comments?post=1010"}],"version-history":[{"count":1,"href":"https:\/\/zapatrzonawksiazki.pl\/index.php\/wp-json\/wp\/v2\/posts\/1010\/revisions"}],"predecessor-version":[{"id":2511,"href":"https:\/\/zapatrzonawksiazki.pl\/index.php\/wp-json\/wp\/v2\/posts\/1010\/revisions\/2511"}],"wp:attachment":[{"href":"https:\/\/zapatrzonawksiazki.pl\/index.php\/wp-json\/wp\/v2\/media?parent=1010"}],"wp:term":[{"taxonomy":"category","embeddable":true,"href":"https:\/\/zapatrzonawksiazki.pl\/index.php\/wp-json\/wp\/v2\/categories?post=1010"},{"taxonomy":"post_tag","embeddable":true,"href":"https:\/\/zapatrzonawksiazki.pl\/index.php\/wp-json\/wp\/v2\/tags?post=1010"}],"curies":[{"name":"wp","href":"https:\/\/api.w.org\/{rel}","templated":true}]}}